{"id":20521,"date":"2017-05-20T08:08:26","date_gmt":"2017-05-20T13:08:26","guid":{"rendered":"http:\/\/www.revistazetta.com\/?p=20521"},"modified":"2017-05-20T08:08:26","modified_gmt":"2017-05-20T13:08:26","slug":"comenzo-construccion-nueva-estacion-policia-turbaco","status":"publish","type":"post","link":"https:\/\/revistazetta.com\/?p=20521","title":{"rendered":"Comenz\u00f3 construcci\u00f3n de nueva estaci\u00f3n de polic\u00eda en Turbaco"},"content":{"rendered":"<p>El alcalde de Turbaco, Antonio V\u00edctor Alcal\u00e1 Puello, junto al ministro del Interior, Juan Fernando Cristo y el gobernador de Bol\u00edvar, Dumek Turbay Paz, coloc\u00f3 la primera piedra de lo que ser\u00e1 la moderna estaci\u00f3n de polic\u00eda de Turbaco, que ser\u00e1 entregada a mediados del 2018.<\/p>\n<p>La nueva estaci\u00f3n, que albergar\u00e1 102 polic\u00edas hombres y 13 mujeres, se comenz\u00f3 a construir a la entrada del municipio, en el sector Plan Parejo. La inversi\u00f3n la hace Fonsecon, con un aporte de $9.439 millones y el municipio cofinancia con una suma de $1.665 millones, recursos provenientes de la sobretasa a la gasolina y que en total suman un poco m\u00e1s de $11 mil millones.<\/p>\n<p>En su discurso, Antonio V\u00edctor Alcal\u00e1 Puello, agradeci\u00f3 al ministro Cristo, al gobernador, Dumek Turbay y al representante Silvio Carrasquilla haber apoyado en la gesti\u00f3n para darle v\u00eda libre a esa inversi\u00f3n, que, sin lugar a dudas, ayudar\u00e1 a mejorar la seguridad en el municipio.<\/p>\n<p>\u201cUstedes, ministro Cristo y Gobernador de Bol\u00edvar, son los mejores aliados de Turbaco. Por eso agradecemos todo su apoyo para que esta obra sea una realidad. Con esta moderna estaci\u00f3n, la Polic\u00eda podr\u00e1 desplegar todo su accionar hacia todo el \u00e1rea de Turbaco\u201d, dijo el Alcalde.<\/p>\n<p>Recalc\u00f3 que se han venido constituyendo frentes de seguridad en los diferentes barrios de Turbaco, con el apoyo de la Polic\u00eda, lo que redundar\u00e1 en m\u00e1s seguridad. \u201cNosotros instamos a la comunidad a que denuncie cualquier anomal\u00eda porque es la \u00fanica forma en que podemos derrotar a los delincuentes\u201d, dijo.<\/p>\n<p><strong>\u201cTurbaco S\u00ed Avanza\u201d: Dumek Turbay<\/strong><\/p>\n<p>Por su parte, el gobernador de Bol\u00edvar, Dumek Turbay Paz, resalt\u00f3 que con esta obra, los polic\u00edas tendr\u00e1n mejores condiciones para trabajar y, sin lugar a dudas, habr\u00e1 la garant\u00eda de m\u00e1s seguridad para todos los habitantes de Turbaco.<\/p>\n<p>\u201cEsto es parte de un plan integral de seguridad que compromete c\u00e1maras de seguridad, movilidad, equipos, motocicletas, patrullas y trabajo con j\u00f3venes en riesgo para garantizar la tranquilidad que se merecen los habitantes de Turbaco\u201d, dijo el Gobernador.<\/p>\n<p>Dio a conocer que su gobierno le cumple a la comunidad turbaquera iluminando el tramo de la Troncal de Occidente el puente de El Rodeo hasta el casco urbano de Turbaco.<\/p>\n<p><strong>Complacido<\/strong><\/p>\n<p>El ministro Cristo recalc\u00f3 que con esta inversi\u00f3n en Turbaco se completan casi 80 mil millones en los \u00faltimos tres a\u00f1os en c\u00e1maras de seguridad, veh\u00edculos y equipos para los agentes de Polic\u00eda.<\/p>\n<p>Esta estaci\u00f3n tendr\u00e1 3881 metros cuadrados de construcci\u00f3n y ser\u00e1 una de las m\u00e1s modernas del pa\u00eds.\u00a0 Silvio Carrasquilla ha bregado por ese comando y para m\u00ed es grato poder venir con Pedrito Pereira, Silvio Carrasquilla y el senador Lidio Garc\u00eda a colocar la primera piedra e esta obra. Desde Turbaco hago un reconocimiento a estos congresistas que han sido soldados de la causa de la paz\u201d, dijo.<\/p>\n","protected":false},"excerpt":{"rendered":"<p>El alcalde de Turbaco, Antonio V\u00edctor Alcal\u00e1 Puello, junto al ministro del Interior, Juan Fernando Cristo y el gobernador de Bol\u00edvar, Dumek Turbay Paz, coloc\u00f3 la primera piedra de lo que ser\u00e1 la moderna estaci\u00f3n de polic\u00eda de Turbaco, que ser\u00e1 entregada a mediados del 2018. La nueva estaci\u00f3n, que albergar\u00e1 102 polic\u00edas hombres y 13 mujeres, se comenz\u00f3 a construir a la entrada del municipio, en el sector Plan Parejo. La inversi\u00f3n la hace Fonsecon, con un aporte de $9.439 millones y el municipio cofinancia con una suma de&#8230; <\/p>\n","protected":false},"author":3,"featured_media":0,"comment_status":"open","ping_status":"closed","sticky":false,"template":"","format":"standard","meta":{"footnotes":"","_links_to":"","_links_to_target":""},"categories":[80,83],"tags":[],"class_list":["post-20521","post","type-post","status-publish","format-standard","hentry","category-region","category-municipios"],"_links":{"self":[{"href":"https:\/\/revistazetta.com\/index.php?rest_route=\/wp\/v2\/posts\/20521","targetHints":{"allow":["GET"]}}],"collection":[{"href":"https:\/\/revistazetta.com\/index.php?rest_route=\/wp\/v2\/posts"}],"about":[{"href":"https:\/\/revistazetta.com\/index.php?rest_route=\/wp\/v2\/types\/post"}],"author":[{"embeddable":true,"href":"https:\/\/revistazetta.com\/index.php?rest_route=\/wp\/v2\/users\/3"}],"replies":[{"embeddable":true,"href":"https:\/\/revistazetta.com\/index.php?rest_route=%2Fwp%2Fv2%2Fcomments&post=20521"}],"version-history":[{"count":0,"href":"https:\/\/revistazetta.com\/index.php?rest_route=\/wp\/v2\/posts\/20521\/revisions"}],"wp:attachment":[{"href":"https:\/\/revistazetta.com\/index.php?rest_route=%2Fwp%2Fv2%2Fmedia&parent=20521"}],"wp:term":[{"taxonomy":"category","embeddable":true,"href":"https:\/\/revistazetta.com\/index.php?rest_route=%2Fwp%2Fv2%2Fcategories&post=20521"},{"taxonomy":"post_tag","embeddable":true,"href":"https:\/\/revistazetta.com\/index.php?rest_route=%2Fwp%2Fv2%2Ftags&post=20521"}],"curies":[{"name":"wp","href":"https:\/\/api.w.org\/{rel}","templated":true}]}}