{"id":20522,"date":"2017-05-20T08:09:30","date_gmt":"2017-05-20T13:09:30","guid":{"rendered":"http:\/\/www.revistazetta.com\/?p=20522"},"modified":"2017-05-20T08:09:30","modified_gmt":"2017-05-20T13:09:30","slug":"comprometidos-17-mil-millones-estacion-policia-pozon","status":"publish","type":"post","link":"https:\/\/revistazetta.com\/?p=20522","title":{"rendered":"Comprometidos $17 mil millones para estaci\u00f3n de polic\u00eda en El Poz\u00f3n"},"content":{"rendered":"<p>Con la aprobaci\u00f3n y asignaci\u00f3n de los m\u00e1s de 17 mil millones de pesos y la firma del convenio entre el ministro del Interior, Juan Fernando Cristo y el alcalde Mayor de Cartagena, Manolo Duque, la construcci\u00f3n de la Estaci\u00f3n de Polic\u00eda de El Poz\u00f3n, la m\u00e1s grande de la ciudad, es una realidad.<\/p>\n<p>\u00abEs un logro significativo teniendo en cuenta que es una inversi\u00f3n de 17 mil millones de pesos de los cuales 12 mil millones (70%)\u00a0 lo puso el Ministerio del Interior y 5 mil millones el Distrito (30%) que viene a beneficiar de manera directa a los\u00a0 43 mil habitantes del barrio El Poz\u00f3n y de manera indirecta a los m\u00e1s de 100 mil habitantes de la periferia del barrio El Poz\u00f3n, barrios como Colombiat\u00f3n y Flor del Campo. All\u00ed, en este barrio, hace pocos d\u00edas los bandidos tiraron una granada, deb\u00edamos impactarlos para que sepan que no vamos a darles tregua\u00bb, inform\u00f3 el alcalde Mayor de Cartagena, Manolo Duque.<\/p>\n<p>Juan Fernando Cristo, ministro del Interior, afirm\u00f3 que esta es una muy buena noticia para la ciudad e inform\u00f3 que la edificaci\u00f3n ser\u00e1 de 5.500 mts 2 en un predio de 7.700 mts2 y de nivel de seguridad 3 contar\u00e1 con capacidad para m\u00e1s de 220 polic\u00edas en el barrio El Poz\u00f3n y contribuir\u00e1 a reforzar toda la seguridad en la ciudad y en esta estrat\u00e9gica zona que requiere vigilancia permanente.<\/p>\n<p><strong>Distriseguridad gestion\u00f3<\/strong><\/p>\n<p>\u201cEl Poz\u00f3n fue escogido estrat\u00e9gicamente para desarrollar este importante proyecto teniendo en cuenta que es un barrio donde permanentemente\u00a0 vienen present\u00e1ndose alteraciones del orden p\u00fablico y hay un crecimiento inmenso, esta<\/p>\n<p>hace parte de las m\u00faltiples acciones dentro de la lucha frontal por tener una Cartagena Sin Miedo\u00bb, afirm\u00f3 Jos\u00e9 Ricaurte, director de Distriseguridad, entidad a trav\u00e9s de la cual el gobierno Primero la Gente gestion\u00f3 esta importante obra para la ciudad. Mininterior reconoci\u00f3 la tarea juiciosa de Cartagena, a trav\u00e9s de Distriseguridad, para presentar el proyecto.<\/p>\n<p>Javier Zurita, veedor y l\u00edder del barrio El Poz\u00f3n, recibi\u00f3 con benepl\u00e1cito la noticia. \u00abTremendamente importante esta noticia, este barrio est\u00e1 creciendo aceleradamente\u00a0 con la inmigraci\u00f3n de personas de otras partes del pa\u00eds como el Sur de Bol\u00edvar, Sucre y del Pac\u00edfico. La estaci\u00f3n de polic\u00eda bajar\u00eda tanta violencia e incluso los enfrentamientos entre pandillas, las personas aqu\u00ed van a tener m\u00e1s libertad para transitar\u00bb, manifest\u00f3.<\/p>\n<p>Cartagena y Bol\u00edvar agradecieron hoy el apoyo constante e invaluable del Gobierno Nacional en materia de seguridad especialmente a la regi\u00f3n. \u201cEste es un funcionario que s\u00ed funciona y por eso Cartagena y Bol\u00edvar se han llenado de inversi\u00f3n p\u00fablica para mejorar las condiciones de seguridad. La construcci\u00f3n de esta estaci\u00f3n, en esta zona que tiene vida propia como lo es El Poz\u00f3n, es absolutamente necesaria y ser\u00e1 de vital importancia para la realizaci\u00f3n de los Mejores Juegos Nacionales de 2019 que ser\u00e1 cerca a la estaci\u00f3n de Polic\u00eda de El Poz\u00f3n y dar\u00e1n tranquilidad\u201d, manifest\u00f3 Dumek Turbay, Gobernador de Bol\u00edvar.<\/p>\n<p><strong>Algunas inversiones del Gobierno Nacional en seguridad para Cartagena<\/strong><\/p>\n<p><strong>C\u00e1maras de Video Vigilancia:<\/strong> 21 mil millones de pesos (16 mil Gobierno Nacional \u2013 5 mil millones la Alcald\u00eda de Cartagena.<\/p>\n<p><strong>Centros de Integraci\u00f3n Ciudadana:<\/strong> en El Poz\u00f3n, Bicentenario y Villas de Aranjuez 2 mil millones GN y 500 millones AC.<\/p>\n<p><strong>Estaci\u00f3n de Polic\u00eda de El Poz\u00f3n:<\/strong> inversi\u00f3n de 17 mil millones de pesos (12 mil millones GN y 5 mil millones AC).<\/p>\n<p>\u201cHemos hecho mucho por Cartagena, todos los colombianos tenemos nuestro coraz\u00f3n con esta ciudad, Cartagena y Bol\u00edvar son los que m\u00e1s han recibido inversi\u00f3n en materia de seguridad en este segundo mandato del presidente Santos\u201d, concluy\u00f3 Cristo.<\/p>\n","protected":false},"excerpt":{"rendered":"<p>Con la aprobaci\u00f3n y asignaci\u00f3n de los m\u00e1s de 17 mil millones de pesos y la firma del convenio entre el ministro del Interior, Juan Fernando Cristo y el alcalde Mayor de Cartagena, Manolo Duque, la construcci\u00f3n de la Estaci\u00f3n de Polic\u00eda de El Poz\u00f3n, la m\u00e1s grande de la ciudad, es una realidad. \u00abEs un logro significativo teniendo en cuenta que es una inversi\u00f3n de 17 mil millones de pesos de los cuales 12 mil millones (70%)\u00a0 lo puso el Ministerio del Interior y 5 mil millones el Distrito&#8230; <\/p>\n","protected":false},"author":3,"featured_media":0,"comment_status":"open","ping_status":"closed","sticky":false,"template":"","format":"standard","meta":{"footnotes":"","_links_to":"","_links_to_target":""},"categories":[32,88],"tags":[],"class_list":["post-20522","post","type-post","status-publish","format-standard","hentry","category-actualidad-distrito","category-seguridad"],"_links":{"self":[{"href":"https:\/\/revistazetta.com\/index.php?rest_route=\/wp\/v2\/posts\/20522","targetHints":{"allow":["GET"]}}],"collection":[{"href":"https:\/\/revistazetta.com\/index.php?rest_route=\/wp\/v2\/posts"}],"about":[{"href":"https:\/\/revistazetta.com\/index.php?rest_route=\/wp\/v2\/types\/post"}],"author":[{"embeddable":true,"href":"https:\/\/revistazetta.com\/index.php?rest_route=\/wp\/v2\/users\/3"}],"replies":[{"embeddable":true,"href":"https:\/\/revistazetta.com\/index.php?rest_route=%2Fwp%2Fv2%2Fcomments&post=20522"}],"version-history":[{"count":0,"href":"https:\/\/revistazetta.com\/index.php?rest_route=\/wp\/v2\/posts\/20522\/revisions"}],"wp:attachment":[{"href":"https:\/\/revistazetta.com\/index.php?rest_route=%2Fwp%2Fv2%2Fmedia&parent=20522"}],"wp:term":[{"taxonomy":"category","embeddable":true,"href":"https:\/\/revistazetta.com\/index.php?rest_route=%2Fwp%2Fv2%2Fcategories&post=20522"},{"taxonomy":"post_tag","embeddable":true,"href":"https:\/\/revistazetta.com\/index.php?rest_route=%2Fwp%2Fv2%2Ftags&post=20522"}],"curies":[{"name":"wp","href":"https:\/\/api.w.org\/{rel}","templated":true}]}}