{"id":20523,"date":"2017-05-20T08:14:34","date_gmt":"2017-05-20T13:14:34","guid":{"rendered":"http:\/\/www.revistazetta.com\/?p=20523"},"modified":"2017-05-20T08:14:34","modified_gmt":"2017-05-20T13:14:34","slug":"interinidad-inconveniente-cartagena-gobierno-nacional","status":"publish","type":"post","link":"https:\/\/revistazetta.com\/?p=20523","title":{"rendered":"Interinidad es inconveniente para Cartagena: Gobierno nacional"},"content":{"rendered":"<p>La interinidad a que se ver\u00e1 expuesta Cartagena en los pr\u00f3ximos d\u00edas es inconveniente, a juicio del gobierno nacional.<\/p>\n<p>El ministro del Interior, Juan Fernando Cristo, dijo que una vez sea notificado el presidente Santos de la suspensi\u00f3n de tres meses al alcalde Manolo Duque por parte de la Procuradur\u00eda, se proceder\u00e1 a designar un alcalde encargado.<\/p>\n<p>La notificaci\u00f3n se va a tomar un tiempo mayor debido a un error de la Procuradur\u00eda, que envi\u00f3 la comunicaci\u00f3n al gobernador Dumek Turbay, y no al presidente de la Rep\u00fablica, como corresponde por tratarse de ser el alcalde del Distrito Tur\u00edstico y Cultural de Cartagena. el gobernador de inmediato se declar\u00f3 no competente para conocer de esta notificaci\u00f3n.<\/p>\n<p>El ministro del Interior, Juan Fernando Cristo Bustos, manifest\u00f3 que es respetuoso de la decisi\u00f3n de la Procuradur\u00eda con relaci\u00f3n a la situaci\u00f3n del alcalde Manolo Duque, pero que espera se garantice el debido proceso.<\/p>\n<p>\u201cEsperamos que el Alcalde salga bien librado de esa defensa e investigaci\u00f3n por la tragedia que vivi\u00f3 Cartagena, pero como funcionario del Gobierno Nacional y Ministro del Interior me parece que la interinidad y la inestabilidad en las administraciones departamentales y municipales no benefician a nadie, por eso es importante que se puede avanzar r\u00e1pidamente y le deseo la mejor de la suertes\u201d.<\/p>\n<p>Asegur\u00f3 el Ministro \u201cque el Gobierno Nacional no ha sido notificado de la decisi\u00f3n de la Procuradur\u00eda y que una vez la reciba, el presidente Juan Manuel Santos encargar\u00e1 a una persona, pero para ello se tendr\u00e1 el mayor cuidado por escoger a la mejor persona para que, transitoriamente y temporalmente, y respetando el programa de gobierno, pueda cumplir esas tareas\u201d.<\/p>\n<p>Asegur\u00f3 Cristo Bustos que Cartagena ya vivi\u00f3 esa interinidad, y eso nunca sali\u00f3 bien y hacen mucho da\u00f1o. \u201cTomaremos con calma la situaci\u00f3n, y no hay af\u00e1n por nombrar alcalde de Cartagena. Manolo seguir\u00e1 hasta que el Gobierno tome la decisi\u00f3n. Como amigo de Cartagena, espero que esta interinidad dura poco\u201d.<\/p>\n<p>&nbsp;<\/p>\n","protected":false},"excerpt":{"rendered":"<p>La interinidad a que se ver\u00e1 expuesta Cartagena en los pr\u00f3ximos d\u00edas es inconveniente, a juicio del gobierno nacional. El ministro del Interior, Juan Fernando Cristo, dijo que una vez sea notificado el presidente Santos de la suspensi\u00f3n de tres meses al alcalde Manolo Duque por parte de la Procuradur\u00eda, se proceder\u00e1 a designar un alcalde encargado. La notificaci\u00f3n se va a tomar un tiempo mayor debido a un error de la Procuradur\u00eda, que envi\u00f3 la comunicaci\u00f3n al gobernador Dumek Turbay, y no al presidente de la Rep\u00fablica, como corresponde&#8230; <\/p>\n","protected":false},"author":3,"featured_media":0,"comment_status":"open","ping_status":"closed","sticky":false,"template":"","format":"standard","meta":{"footnotes":"","_links_to":"","_links_to_target":""},"categories":[4,26],"tags":[],"class_list":["post-20523","post","type-post","status-publish","format-standard","hentry","category-politica","category-politica-noticias"],"_links":{"self":[{"href":"https:\/\/revistazetta.com\/index.php?rest_route=\/wp\/v2\/posts\/20523","targetHints":{"allow":["GET"]}}],"collection":[{"href":"https:\/\/revistazetta.com\/index.php?rest_route=\/wp\/v2\/posts"}],"about":[{"href":"https:\/\/revistazetta.com\/index.php?rest_route=\/wp\/v2\/types\/post"}],"author":[{"embeddable":true,"href":"https:\/\/revistazetta.com\/index.php?rest_route=\/wp\/v2\/users\/3"}],"replies":[{"embeddable":true,"href":"https:\/\/revistazetta.com\/index.php?rest_route=%2Fwp%2Fv2%2Fcomments&post=20523"}],"version-history":[{"count":0,"href":"https:\/\/revistazetta.com\/index.php?rest_route=\/wp\/v2\/posts\/20523\/revisions"}],"wp:attachment":[{"href":"https:\/\/revistazetta.com\/index.php?rest_route=%2Fwp%2Fv2%2Fmedia&parent=20523"}],"wp:term":[{"taxonomy":"category","embeddable":true,"href":"https:\/\/revistazetta.com\/index.php?rest_route=%2Fwp%2Fv2%2Fcategories&post=20523"},{"taxonomy":"post_tag","embeddable":true,"href":"https:\/\/revistazetta.com\/index.php?rest_route=%2Fwp%2Fv2%2Ftags&post=20523"}],"curies":[{"name":"wp","href":"https:\/\/api.w.org\/{rel}","templated":true}]}}