{"id":20524,"date":"2017-05-20T15:23:55","date_gmt":"2017-05-20T20:23:55","guid":{"rendered":"http:\/\/www.revistazetta.com\/?p=20524"},"modified":"2017-05-21T22:47:57","modified_gmt":"2017-05-22T03:47:57","slug":"arzobispo-presenta-posible-programa-del-papa-francisco-cartagena","status":"publish","type":"post","link":"https:\/\/revistazetta.com\/?p=20524","title":{"rendered":"Arzobispo presenta posible programa del Papa Francisco en Cartagena"},"content":{"rendered":"<p>Mensaje del arzobispo de Cartagena, monse\u00f1or Jorge Enrique Jim\u00e9nez, sobre el recorrido que har\u00eda el papa Francisco en Cartagena, el pr\u00f3ximo 10 de septiembre:<\/p>\n<p>Con gran alegr\u00eda le comparto a la opini\u00f3n p\u00fablica que desde la Arquidi\u00f3cesis de Cartagena venimos trabajando y prepar\u00e1ndonos en diversos aspectos para la visita del Papa Francisco a Cartagena, el domingo 10 de septiembre de 2017.<\/p>\n<ol>\n<li>Como siempre se acostumbra a hacer en todos los viajes del Papa, el programa detallado y definitivo lo presentar\u00e1 la Santa Sede.<\/li>\n<li>A continuaci\u00f3n les puedo compartir el posible programa de la visita del Papa Francisco en Cartagena, a partir del di\u00e1logo que hemos tenido con el Vaticano:<\/li>\n<\/ol>\n<p>2.1. Acogida en el Aeropuerto.<\/p>\n<p>2.2. Recorrido en la ciudad durante la ma\u00f1ana:<\/p>\n<ul>\n<li>Parada en la Parroquia de San Francisco, donde bendecir\u00e1 dos obras sociales de la Arquidi\u00f3cesis de Cartagena.<\/li>\n<li>Recorrido desde la glorieta de Bazurto hasta el Centro Hist\u00f3rico de la ciudad.<\/li>\n<\/ul>\n<p>2.3. Rezo de la oraci\u00f3n del \u00c1ngelus en el atrio del Santuario de San Pedro Claver en Cartagena.<\/p>\n<p>2.4. Bendici\u00f3n de los enfermos en la Iglesia Catedral de Santa Catalina de Alejandr\u00eda.<\/p>\n<p>2.5. Bendici\u00f3n de la Virgen de la Bah\u00eda<\/p>\n<p>2.6. Celebraci\u00f3n Eucar\u00edstica en CONTECAR.<\/p>\n<p>2.7. Salida para Roma desde el Aeropuerto.<\/p>\n<p>El Papa Francisco viene a confirmar nuestra fe y a dar \u00e1nimo a la esperanza de los colombianos. Es muy importante que nos preparemos para recibir su mensaje. Los invito a todos a unirnos en la oraci\u00f3n, en el Itinerario de la Esperanza, en los foros de la \u201cC\u00e1tedra Francisco\u201d, en los encuentros \u201cA la espera del Papa Francisco\u201d y en las dem\u00e1s iniciativas que nos ayuden en esta preparaci\u00f3n.<\/p>\n<p>Les deseo a todos que el Se\u00f1or Jes\u00fas nos bendiga y nos de la gracia de unirnos alrededor de este vista pastoral de gran importancia para la Arquidi\u00f3cesis y la ciudad de Cartagena.<\/p>\n","protected":false},"excerpt":{"rendered":"<p>Mensaje del arzobispo de Cartagena, monse\u00f1or Jorge Enrique Jim\u00e9nez, sobre el recorrido que har\u00eda el papa Francisco en Cartagena, el pr\u00f3ximo 10 de septiembre: Con gran alegr\u00eda le comparto a la opini\u00f3n p\u00fablica que desde la Arquidi\u00f3cesis de Cartagena venimos trabajando y prepar\u00e1ndonos en diversos aspectos para la visita del Papa Francisco a Cartagena, el domingo 10 de septiembre de 2017. Como siempre se acostumbra a hacer en todos los viajes del Papa, el programa detallado y definitivo lo presentar\u00e1 la Santa Sede. A continuaci\u00f3n les puedo compartir el posible&#8230; <\/p>\n","protected":false},"author":3,"featured_media":20538,"comment_status":"open","ping_status":"closed","sticky":false,"template":"","format":"standard","meta":{"footnotes":"","_links_to":"","_links_to_target":""},"categories":[2,75],"tags":[],"class_list":["post-20524","post","type-post","status-publish","format-standard","has-post-thumbnail","hentry","category-actualidad","category-destacada"],"_links":{"self":[{"href":"https:\/\/revistazetta.com\/index.php?rest_route=\/wp\/v2\/posts\/20524","targetHints":{"allow":["GET"]}}],"collection":[{"href":"https:\/\/revistazetta.com\/index.php?rest_route=\/wp\/v2\/posts"}],"about":[{"href":"https:\/\/revistazetta.com\/index.php?rest_route=\/wp\/v2\/types\/post"}],"author":[{"embeddable":true,"href":"https:\/\/revistazetta.com\/index.php?rest_route=\/wp\/v2\/users\/3"}],"replies":[{"embeddable":true,"href":"https:\/\/revistazetta.com\/index.php?rest_route=%2Fwp%2Fv2%2Fcomments&post=20524"}],"version-history":[{"count":0,"href":"https:\/\/revistazetta.com\/index.php?rest_route=\/wp\/v2\/posts\/20524\/revisions"}],"wp:featuredmedia":[{"embeddable":true,"href":"https:\/\/revistazetta.com\/index.php?rest_route=\/wp\/v2\/media\/20538"}],"wp:attachment":[{"href":"https:\/\/revistazetta.com\/index.php?rest_route=%2Fwp%2Fv2%2Fmedia&parent=20524"}],"wp:term":[{"taxonomy":"category","embeddable":true,"href":"https:\/\/revistazetta.com\/index.php?rest_route=%2Fwp%2Fv2%2Fcategories&post=20524"},{"taxonomy":"post_tag","embeddable":true,"href":"https:\/\/revistazetta.com\/index.php?rest_route=%2Fwp%2Fv2%2Ftags&post=20524"}],"curies":[{"name":"wp","href":"https:\/\/api.w.org\/{rel}","templated":true}]}}