{"id":20533,"date":"2017-05-21T13:21:23","date_gmt":"2017-05-21T18:21:23","guid":{"rendered":"http:\/\/www.revistazetta.com\/?p=20533"},"modified":"2017-05-21T22:42:09","modified_gmt":"2017-05-22T03:42:09","slug":"cinco-mega-parques-se-construyen-turbaco","status":"publish","type":"post","link":"https:\/\/revistazetta.com\/?p=20533","title":{"rendered":"Cinco s\u00faper parques se construyen en Turbaco"},"content":{"rendered":"<p>Con el lema \u201cEspacios para mi gente turbaquera\u201d, el alcalde de Turbaco, Antonio V\u00edctor Alcal\u00e1 Puello, inform\u00f3 que a trav\u00e9s de \u00a0la concesi\u00f3n \u201cAmoblamiento Urbano de Colombia\u201d \u00a0se inici\u00f3 la construcci\u00f3n de cinco s\u00faper\u00a0parques con espacios para ni\u00f1os, j\u00f3venes y adultos mayores, con canchas deportivas, centro social y zona bio-saludable en diferentes sitios del municipio.<\/p>\n<p>En las pr\u00f3ximas semanas, recalc\u00f3 Alcal\u00e1 Puello, se estar\u00e1 entregando el parque del barrio El Recreo que se convertir\u00e1 en un sitio obligado de encuentro\u00a0 para los vecinos de todas las edades.<\/p>\n<p>\u201cLo que tenemos planeado es lograr entregar estos parques a la comunidad antes de finalizar este a\u00f1o. Son cinco espacios para que la gente de Turbaco pueda departir y recrearse sanamente. Estos parques cuentan con espacios para ni\u00f1os, j\u00f3venes y adultos mayores y un sitio de reuni\u00f3n para la comunidad. Adem\u00e1s, se entrega completamente iluminado con luminarias de tecnolog\u00eda LED y encerrado\u201d, indic\u00f3.<\/p>\n<p>Seg\u00fan el Alcalde, pr\u00f3ximamente se iniciar\u00e1 la construcci\u00f3n de parques en el barrio La Cruz, en un espacio aleda\u00f1o al Polideportivo; en el sector de La Virgencita, La Granja y en dos barrios de la zona de conurbaci\u00f3n entre Cartagena y Turbaco.<\/p>\n<p>Se\u00f1al\u00f3 que la inversi\u00f3n que realiza Amoblamiento Urbano supera los 2.000 millones de pesos.<\/p>\n<p><strong>\u201cEstas obras dignifican a la comunidad\u201d<\/strong><\/p>\n<p>La percepci\u00f3n de la ciudadan\u00eda con la construcci\u00f3n del parque de El Recreo es que la administraci\u00f3n \u201cTurbaco S\u00ed Avanza\u201d est\u00e1 invirtiendo en los barrios.<\/p>\n<p>Para Ana Luc\u00eda Castro, habitante de El Recreo, el parque es una necesidad porque de verdad nuestros ni\u00f1os necesitan un espacio para jugar y con esa cancha m\u00faltiple que se construye se puede practicar voleibol, baloncesto y microf\u00fatbol. \u201cYo estoy reci\u00e9n mudada por aqu\u00ed y recibo con agrado la noticia de que tambi\u00e9n construir\u00e1n en el parque un centro social donde se pueden realizar reuniones. Lo m\u00e1s importante es que la comunidad ser\u00e1 la que velar\u00e1 por el buen uso de este espacio\u201d, dijo.<\/p>\n<p>Otro morador del sector indic\u00f3 que lo mejor es encerrar el parque para evitar que v\u00e1ndalos se lo tomen, sobre todo en horas de la noche. \u201cLa intenci\u00f3n que tenemos es cuidar este espacio que nos regala el municipio a los habitantes de El Recreo\u201d, concluy\u00f3.<\/p>\n<p>Audiio: Antonio Victor Alcal\u00e1, alcalde de Turbaco.<\/p>\n","protected":false},"excerpt":{"rendered":"<p>Con el lema \u201cEspacios para mi gente turbaquera\u201d, el alcalde de Turbaco, Antonio V\u00edctor Alcal\u00e1 Puello, inform\u00f3 que a trav\u00e9s de \u00a0la concesi\u00f3n \u201cAmoblamiento Urbano de Colombia\u201d \u00a0se inici\u00f3 la construcci\u00f3n de cinco s\u00faper\u00a0parques con espacios para ni\u00f1os, j\u00f3venes y adultos mayores, con canchas deportivas, centro social y zona bio-saludable en diferentes sitios del municipio. En las pr\u00f3ximas semanas, recalc\u00f3 Alcal\u00e1 Puello, se estar\u00e1 entregando el parque del barrio El Recreo que se convertir\u00e1 en un sitio obligado de encuentro\u00a0 para los vecinos de todas las edades. \u201cLo que tenemos&#8230; <\/p>\n","protected":false},"author":3,"featured_media":20537,"comment_status":"open","ping_status":"closed","sticky":false,"template":"","format":"standard","meta":{"footnotes":"","_links_to":"","_links_to_target":""},"categories":[80,75,83],"tags":[],"class_list":["post-20533","post","type-post","status-publish","format-standard","has-post-thumbnail","hentry","category-region","category-destacada","category-municipios"],"_links":{"self":[{"href":"https:\/\/revistazetta.com\/index.php?rest_route=\/wp\/v2\/posts\/20533","targetHints":{"allow":["GET"]}}],"collection":[{"href":"https:\/\/revistazetta.com\/index.php?rest_route=\/wp\/v2\/posts"}],"about":[{"href":"https:\/\/revistazetta.com\/index.php?rest_route=\/wp\/v2\/types\/post"}],"author":[{"embeddable":true,"href":"https:\/\/revistazetta.com\/index.php?rest_route=\/wp\/v2\/users\/3"}],"replies":[{"embeddable":true,"href":"https:\/\/revistazetta.com\/index.php?rest_route=%2Fwp%2Fv2%2Fcomments&post=20533"}],"version-history":[{"count":0,"href":"https:\/\/revistazetta.com\/index.php?rest_route=\/wp\/v2\/posts\/20533\/revisions"}],"wp:featuredmedia":[{"embeddable":true,"href":"https:\/\/revistazetta.com\/index.php?rest_route=\/wp\/v2\/media\/20537"}],"wp:attachment":[{"href":"https:\/\/revistazetta.com\/index.php?rest_route=%2Fwp%2Fv2%2Fmedia&parent=20533"}],"wp:term":[{"taxonomy":"category","embeddable":true,"href":"https:\/\/revistazetta.com\/index.php?rest_route=%2Fwp%2Fv2%2Fcategories&post=20533"},{"taxonomy":"post_tag","embeddable":true,"href":"https:\/\/revistazetta.com\/index.php?rest_route=%2Fwp%2Fv2%2Ftags&post=20533"}],"curies":[{"name":"wp","href":"https:\/\/api.w.org\/{rel}","templated":true}]}}