{"id":20548,"date":"2017-05-24T06:01:18","date_gmt":"2017-05-24T11:01:18","guid":{"rendered":"http:\/\/www.revistazetta.com\/?p=20548"},"modified":"2017-05-24T06:01:18","modified_gmt":"2017-05-24T11:01:18","slug":"concesion-caribe-realizara-plan-manejo-evitar-congestion-via-al-mar","status":"publish","type":"post","link":"https:\/\/revistazetta.com\/?p=20548","title":{"rendered":"Concesi\u00f3n Caribe realizar\u00e1 plan de manejo para evitar congesti\u00f3n en V\u00eda al Mar"},"content":{"rendered":"<p>\u201cEl megaproyecto de la doble calzada Cartagena-Barranquilla es una obra de gran envergadura que permitir\u00e1 avanzar, pero nos tiene inquietos que los horarios en los que se realizan los trabajos est\u00e1n produciendo congestiones vehiculares diarias e interminables en la ciudad. Por eso hoy queremos proponer un plan de intervenci\u00f3n con acciones puntuales para reducir el impacto negativo y que los cartageneros y visitantes se vean mucho menos afectados de lo que est\u00e1n hoy en d\u00eda\u201d, expres\u00f3 el gobernador de Bol\u00edvar.<\/p>\n<p>Al gerente general de la Concesi\u00f3n Costera Cartagena- Barranquilla, Miguel Acosta, luego de mostrar las fases del megaproyecto, el burgomaestre le propuso\u00a0 dise\u00f1ar en equipo con el Bol\u00edvar si avanza una estrategia de comunicaci\u00f3n que permitan a los ciudadanos estar enterados del impacto del proyecto y dar a conocer los momentos cr\u00edticos para que la ciudadan\u00eda se prepare y no se sienta perjudicada.<\/p>\n<p>\u201cHoy iniciamos con el apoyo del Bol\u00edvar S\u00ed Avanza y de su gobernador Dumek Turbay un plan de intervenci\u00f3n para descongestionar la movilidad en Zona Norte. Van a quedar habilitados los dos carriles y los trabajos ser\u00e1n por la noche para no afectar a la ciudadan\u00eda. De igual forma, pedimos comprensi\u00f3n y paciencia a los ciudadanos por las obras que faltan\u00bb, indic\u00f3 Miguel Acosta, gerente de Concesi\u00f3n Costera.<\/p>\n<p>Qued\u00f3 definido hoy en la reuni\u00f3n con Concesi\u00f3n Costera que se modificar\u00e1n los horarios de los trabajos de las obras de la doble calzada Cartagena &#8211; Barranquilla y que se ejecutar\u00e1 una estrategia de comunicaci\u00f3n que le permitan a cartageneros y visitantes estar informados diariamente de las obras que se est\u00e1n realizando. Ma\u00f1ana se realizar\u00e1 una visita al sector con el Ministro de\u00a0 transporte, Jorge Rojas, para avalar las intervenciones que buscar\u00e1n descongestionar la movilidad.<\/p>\n","protected":false},"excerpt":{"rendered":"<p>\u201cEl megaproyecto de la doble calzada Cartagena-Barranquilla es una obra de gran envergadura que permitir\u00e1 avanzar, pero nos tiene inquietos que los horarios en los que se realizan los trabajos est\u00e1n produciendo congestiones vehiculares diarias e interminables en la ciudad. Por eso hoy queremos proponer un plan de intervenci\u00f3n con acciones puntuales para reducir el impacto negativo y que los cartageneros y visitantes se vean mucho menos afectados de lo que est\u00e1n hoy en d\u00eda\u201d, expres\u00f3 el gobernador de Bol\u00edvar. Al gerente general de la Concesi\u00f3n Costera Cartagena- Barranquilla, Miguel&#8230; <\/p>\n","protected":false},"author":3,"featured_media":0,"comment_status":"open","ping_status":"closed","sticky":false,"template":"","format":"standard","meta":{"footnotes":"","_links_to":"","_links_to_target":""},"categories":[32],"tags":[],"class_list":["post-20548","post","type-post","status-publish","format-standard","hentry","category-actualidad-distrito"],"_links":{"self":[{"href":"https:\/\/revistazetta.com\/index.php?rest_route=\/wp\/v2\/posts\/20548","targetHints":{"allow":["GET"]}}],"collection":[{"href":"https:\/\/revistazetta.com\/index.php?rest_route=\/wp\/v2\/posts"}],"about":[{"href":"https:\/\/revistazetta.com\/index.php?rest_route=\/wp\/v2\/types\/post"}],"author":[{"embeddable":true,"href":"https:\/\/revistazetta.com\/index.php?rest_route=\/wp\/v2\/users\/3"}],"replies":[{"embeddable":true,"href":"https:\/\/revistazetta.com\/index.php?rest_route=%2Fwp%2Fv2%2Fcomments&post=20548"}],"version-history":[{"count":0,"href":"https:\/\/revistazetta.com\/index.php?rest_route=\/wp\/v2\/posts\/20548\/revisions"}],"wp:attachment":[{"href":"https:\/\/revistazetta.com\/index.php?rest_route=%2Fwp%2Fv2%2Fmedia&parent=20548"}],"wp:term":[{"taxonomy":"category","embeddable":true,"href":"https:\/\/revistazetta.com\/index.php?rest_route=%2Fwp%2Fv2%2Fcategories&post=20548"},{"taxonomy":"post_tag","embeddable":true,"href":"https:\/\/revistazetta.com\/index.php?rest_route=%2Fwp%2Fv2%2Ftags&post=20548"}],"curies":[{"name":"wp","href":"https:\/\/api.w.org\/{rel}","templated":true}]}}