{"id":20550,"date":"2017-05-24T07:09:26","date_gmt":"2017-05-24T12:09:26","guid":{"rendered":"http:\/\/www.revistazetta.com\/?p=20550"},"modified":"2017-05-24T07:29:07","modified_gmt":"2017-05-24T12:29:07","slug":"dirigencia-da-la-bienvenida-londono","status":"publish","type":"post","link":"https:\/\/revistazetta.com\/?p=20550","title":{"rendered":"Dirigencia da la bienvenida a Londo\u00f1o Zurek"},"content":{"rendered":"<p>La dirigencia pol\u00edtica y gremial de la ciudad le dio la bienvenida al alcalde encargado de Cartagena, Sergio Alfonso Londo\u00f1o Zurek.<\/p>\n<p>El gobernador Dumek Turbay fue el primero en extenderle votos de respaldo institucional. \u201cle deseamos \u00e9xitos al alcalde encargado. Cartagena siempre contar\u00e1 con el apoyo total del Bol\u00edvar S\u00ed Avanza\u201d, dijo el mandatario.<\/p>\n<p>El presidente del Concejo, Lewis Montero, dijo que saluda \u201cel oportuno y acertado encargo del joven profesional cartagenero Sergio Londo\u00f1o Zurek en la Alcald\u00eda de la capital de Bol\u00edvar, mientras dure la ausencia del titular, Manolo Duque V\u00e1squez. A Londo\u00f1o Zurek, nuestras felicitaciones y mejores deseos. A Duque V\u00e1squez, nuestros sentimientos de solidaridad. Y a todos los cartageneros, nuestro llamado a continuar unidos trabajando por el desarrollo de la ciudad y el progreso de todos. La corporaci\u00f3n edilicia velar\u00e1 porque se mantenga la institucionalidad y el direccionamiento de los macro proyectos que la ciudad tanto requiere.<\/p>\n<p>M\u00f3nica Fadul, directora de Fenalco Bol\u00edvar, dijo que hay benepl\u00e1cito por el nombramiento. \u201cSomos conocedores de sus calidades personales y profesionales, que dispondr\u00e1 con diligencia y afecto a su ciudad\u201d.<\/p>\n<p>La presidenta ejecutiva de la C\u00e1mara de Comercio de Cartagena, Mar\u00eda Claudia P\u00e1ez, expres\u00f3 que respaldan a Sergio Londo\u00f1o para trabajar unidos por Cartagena.<\/p>\n<p>&nbsp;<\/p>\n","protected":false},"excerpt":{"rendered":"<p>La dirigencia pol\u00edtica y gremial de la ciudad le dio la bienvenida al alcalde encargado de Cartagena, Sergio Alfonso Londo\u00f1o Zurek. El gobernador Dumek Turbay fue el primero en extenderle votos de respaldo institucional. \u201cle deseamos \u00e9xitos al alcalde encargado. Cartagena siempre contar\u00e1 con el apoyo total del Bol\u00edvar S\u00ed Avanza\u201d, dijo el mandatario. El presidente del Concejo, Lewis Montero, dijo que saluda \u201cel oportuno y acertado encargo del joven profesional cartagenero Sergio Londo\u00f1o Zurek en la Alcald\u00eda de la capital de Bol\u00edvar, mientras dure la ausencia del titular, Manolo&#8230; <\/p>\n","protected":false},"author":3,"featured_media":0,"comment_status":"open","ping_status":"closed","sticky":false,"template":"","format":"standard","meta":{"footnotes":"","_links_to":"","_links_to_target":""},"categories":[4],"tags":[],"class_list":["post-20550","post","type-post","status-publish","format-standard","hentry","category-politica"],"_links":{"self":[{"href":"https:\/\/revistazetta.com\/index.php?rest_route=\/wp\/v2\/posts\/20550","targetHints":{"allow":["GET"]}}],"collection":[{"href":"https:\/\/revistazetta.com\/index.php?rest_route=\/wp\/v2\/posts"}],"about":[{"href":"https:\/\/revistazetta.com\/index.php?rest_route=\/wp\/v2\/types\/post"}],"author":[{"embeddable":true,"href":"https:\/\/revistazetta.com\/index.php?rest_route=\/wp\/v2\/users\/3"}],"replies":[{"embeddable":true,"href":"https:\/\/revistazetta.com\/index.php?rest_route=%2Fwp%2Fv2%2Fcomments&post=20550"}],"version-history":[{"count":0,"href":"https:\/\/revistazetta.com\/index.php?rest_route=\/wp\/v2\/posts\/20550\/revisions"}],"wp:attachment":[{"href":"https:\/\/revistazetta.com\/index.php?rest_route=%2Fwp%2Fv2%2Fmedia&parent=20550"}],"wp:term":[{"taxonomy":"category","embeddable":true,"href":"https:\/\/revistazetta.com\/index.php?rest_route=%2Fwp%2Fv2%2Fcategories&post=20550"},{"taxonomy":"post_tag","embeddable":true,"href":"https:\/\/revistazetta.com\/index.php?rest_route=%2Fwp%2Fv2%2Ftags&post=20550"}],"curies":[{"name":"wp","href":"https:\/\/api.w.org\/{rel}","templated":true}]}}