{"id":20551,"date":"2017-05-24T07:26:48","date_gmt":"2017-05-24T12:26:48","guid":{"rendered":"http:\/\/www.revistazetta.com\/?p=20551"},"modified":"2017-05-24T07:31:36","modified_gmt":"2017-05-24T12:31:36","slug":"transparencia-celeridad-pautas-alcalde-londono","status":"publish","type":"post","link":"https:\/\/revistazetta.com\/?p=20551","title":{"rendered":"Transparencia y celeridad, pautas del alcalde Londo\u00f1o Zurek"},"content":{"rendered":"<p>El alcalde encargado de Cartagena pidi\u00f3 \u201ctransparencia y celeridad\u201d para continuar el ritmo de la administraci\u00f3n en el desarrollo de los grandes retos que ha asumido la ciudad.<\/p>\n<p>Esta es la primera declaraci\u00f3n que entreg\u00f3 el mandatario encargado:<\/p>\n<p>Recibo con inmenso honor la decisi\u00f3n del presidente de la Rep\u00fablica de encargarme como alcalde mayor de Cartagena de Indias.<\/p>\n<p>Los lamentables hechos de los \u00faltimos d\u00edas resultantes en la suspensi\u00f3n de nuestro alcalde Manolo Duque, deben ser motivo para que hoy todos los cartageneros nos unamos alrededor de nuestra ciudad.<\/p>\n<p>Alcalde Manolo: esperamos que le vaya bien en su defensa, as\u00ed lo queremos, por el futuro de Cartagena, y de todos los que tenemos la fortuna de llamarla nuestra.<\/p>\n<p>Desafortunadamente se vuelven a repetir hechos que causan interrupciones en el orden de nuestro sistema pol\u00edtico local, pero no debemos dejar que esto nos desaliente.<\/p>\n<p>El gobierno nacional respalda, como lo ha hecho siempre, a Cartagena y vengo con el mandato claro del Presidente de garantizar que este periodo de interinidad afecte de la menor forma posible la ambiciosa agenda de construcci\u00f3n de ciudad que se ha venido gestando. Tenemos en estos d\u00edas grades retos por delante. Sacar adelante el proyecto de protecci\u00f3n costera que fue anunciado por el presidente Santos hace dos semanas; combatir la inseguridad que ha causado muertes dolorosas y que amenaza nuestras poblaciones m\u00e1s vulnerables; ordenar el espacio p\u00fablico y avanzar en la regulaci\u00f3n de las playas; preparar al Distrito en la visita de Su Santidad el papa Francisco, entre otros muchos temas; y hacer todo esto con transparencia y celeridad; no podemos dejar que el dinamismo de Cartagena se pierda. Tenemos que redoblar esfuerzos, trabajar de la mano, para potenciar nuestro crecimiento.<\/p>\n<p>Por ello hago un llamado a ustedes, paisanos, coterr\u00e1neos, a que me ayuden y me rodeen en esta labor; a nuestra bancada de senadores y representantes y, por supuesto, a nuestro gobernador, para que fijemos el rumbo y naveguemos seguros.<\/p>\n<p>Por amor a Cartagena, a las futuras generaciones, para dejarles una ciudad donde puedan ser \u00e1guilas caudales, tomo las riendas de Cartagena, la ciudad m\u00e1s bella de todas, la joya de Colombia, con la firme intenci\u00f3n de gobernar con y para ustedes, su gente.<\/p>\n<p>Tenemos que confiar en este gobierno, en el presidente Santos que tanto le ha dado a Cartagena, como nos lo ha expresado, estar\u00e1 muy pendiente de todo lo que pase en nuestra ciudad y listo para seguir ayudando a esta tierra, que tantas veces lo ha acogido con el cari\u00f1o propio de su gente.<\/p>\n<p>Por \u00faltimo, acomp\u00e1\u00f1enme pidiendo a Dios sabidur\u00eda y fortaleza, para as\u00ed vencer las murallas que frenan nuestro desarrollo, y salir victoriosos despu\u00e9s de la tormenta, much\u00edsimas gracias.<\/p>\n","protected":false},"excerpt":{"rendered":"<p>El alcalde encargado de Cartagena pidi\u00f3 \u201ctransparencia y celeridad\u201d para continuar el ritmo de la administraci\u00f3n en el desarrollo de los grandes retos que ha asumido la ciudad. Esta es la primera declaraci\u00f3n que entreg\u00f3 el mandatario encargado: Recibo con inmenso honor la decisi\u00f3n del presidente de la Rep\u00fablica de encargarme como alcalde mayor de Cartagena de Indias. Los lamentables hechos de los \u00faltimos d\u00edas resultantes en la suspensi\u00f3n de nuestro alcalde Manolo Duque, deben ser motivo para que hoy todos los cartageneros nos unamos alrededor de nuestra ciudad. Alcalde&#8230; <\/p>\n","protected":false},"author":3,"featured_media":0,"comment_status":"open","ping_status":"closed","sticky":false,"template":"","format":"standard","meta":{"footnotes":"","_links_to":"","_links_to_target":""},"categories":[32],"tags":[],"class_list":["post-20551","post","type-post","status-publish","format-standard","hentry","category-actualidad-distrito"],"_links":{"self":[{"href":"https:\/\/revistazetta.com\/index.php?rest_route=\/wp\/v2\/posts\/20551","targetHints":{"allow":["GET"]}}],"collection":[{"href":"https:\/\/revistazetta.com\/index.php?rest_route=\/wp\/v2\/posts"}],"about":[{"href":"https:\/\/revistazetta.com\/index.php?rest_route=\/wp\/v2\/types\/post"}],"author":[{"embeddable":true,"href":"https:\/\/revistazetta.com\/index.php?rest_route=\/wp\/v2\/users\/3"}],"replies":[{"embeddable":true,"href":"https:\/\/revistazetta.com\/index.php?rest_route=%2Fwp%2Fv2%2Fcomments&post=20551"}],"version-history":[{"count":0,"href":"https:\/\/revistazetta.com\/index.php?rest_route=\/wp\/v2\/posts\/20551\/revisions"}],"wp:attachment":[{"href":"https:\/\/revistazetta.com\/index.php?rest_route=%2Fwp%2Fv2%2Fmedia&parent=20551"}],"wp:term":[{"taxonomy":"category","embeddable":true,"href":"https:\/\/revistazetta.com\/index.php?rest_route=%2Fwp%2Fv2%2Fcategories&post=20551"},{"taxonomy":"post_tag","embeddable":true,"href":"https:\/\/revistazetta.com\/index.php?rest_route=%2Fwp%2Fv2%2Ftags&post=20551"}],"curies":[{"name":"wp","href":"https:\/\/api.w.org\/{rel}","templated":true}]}}