{"id":20554,"date":"2017-05-25T06:38:11","date_gmt":"2017-05-25T11:38:11","guid":{"rendered":"http:\/\/www.revistazetta.com\/?p=20554"},"modified":"2017-05-25T06:38:11","modified_gmt":"2017-05-25T11:38:11","slug":"barrio-las-nieves-arjona-desde-hoy-mas-energia","status":"publish","type":"post","link":"https:\/\/revistazetta.com\/?p=20554","title":{"rendered":"El barrio Las Nieves de Arjona, desde hoy con m\u00e1s energ\u00eda"},"content":{"rendered":"<p>\u201cAntes viv\u00edamos con un servicio de energ\u00eda bastante p\u00e9simo, los focos alumbraban como una vela y los celulares no cargaban adecuadamente, pero hoy gracias a la Alcald\u00eda ha habido un cambio radical, los abanicos y las neveras han podido funcionar como debe ser\u201d. Esta historia la cuenta \u00a0Catalina Rodr\u00edguez, una habitante del Barrio Las Nieves del municipio de Arjona, despu\u00e9s de haber padecido cerca de 10 a\u00f1os por un mal servicio de energ\u00eda.<\/p>\n<p>Para solucionar este hist\u00f3rico problema de voltaje y atendiendo el llamado que junto a la se\u00f1ora Catalina Rodr\u00edguez hicieron los habitantes del sector, la Alcald\u00eda de Arjona entreg\u00f3 dos transformadores de 50 Kva al Barrio Las Nieves, ubicado en el casco urbano del municipio, para mejorar la prestaci\u00f3n del servicio de energ\u00eda a esta comunidad que como lo dijo Catalina Rodr\u00edguez, ten\u00edan m\u00e1s de 10 a\u00f1os sufriendo con un p\u00e9simo voltaje.<\/p>\n<p>\u201cNosotros fuimos a la reuni\u00f3n en la Alcald\u00eda, \u00a0nos atendieron, y dijeron que dentro de 4 horas \u00edbamos a tener el servicio de energ\u00eda normalizado. Yo lo dudaba, pero fue una realidad y nos cumplieron de forma r\u00e1pida\u201d, cuenta Catalina Rodr\u00edguez.<\/p>\n<p>Este es el resultado de trabajar para la comunidad, escuchar sus necesidades y ser proactivos dijo la alcaldesa de Arjona, Esther Mar\u00eda Jalilie Garc\u00eda, quien adem\u00e1s agrega que su administraci\u00f3n esta presta a seguir trabajando por contribuir con el mejoramiento de los servicios en el municipio.<\/p>\n<p>\u201cEstamos trabajando para cumplir con las necesidades de los arjoneros, hicimos la gesti\u00f3n pertinente y atendimos el llamado de la comunidad. As\u00ed entregamos los transformadores que van ayudar a mejorar el servicio de energ\u00eda del sector\u201d, explica la mandataria de los arjoneros.<\/p>\n<p>&nbsp;<\/p>\n<p><strong>Llegan a Rocha y Puerto Badel<\/strong><\/p>\n<p>Con el objetivo de seguir cumpliendo con la premisa de su administraci\u00f3n, de lograr un Arjona Incluyente y solidaria, la Alcald\u00eda retoma la agenda de Alcald\u00eda M\u00f3viles y Consejos Comunales, en un gran ejercicio de descentralizaci\u00f3n, los cuales se realizan tanto en el casco urbano como en los corregimientos del municipio.<\/p>\n<p>\u201cQueremos acercar a la comunidad todos los servicios que presta la administraci\u00f3n municipal, adem\u00e1s esta es una herramienta que nos permite conocer las necesidades que cada sector tiene y nos permite resolver de manera inmediata las problem\u00e1ticas presentadas\u201d, expres\u00f3 la alcaldesa Esther Mar\u00eda Jalilie Garc\u00eda.<\/p>\n<p>En esta ocasi\u00f3n la agenda contempla realizar estos eventos en los corregimientos de Puerto Badel el 25 de Mayo con Alcald\u00eda M\u00f3vil y en Rocha el 27 de Mayo con el Consejo Comunal. Los habitantes de estas poblaciones \u00a0podr\u00e1n contar con la presencia tanto de la alcaldesa como de su equipo de gobierno y tendr\u00e1n la oportunidad de acceder a toda la oferta institucional, programas, secretar\u00edas de despacho, adem\u00e1s de empresas privadas, servicios p\u00fablicos, entre otras que se vincula a estos eventos.<\/p>\n","protected":false},"excerpt":{"rendered":"<p>\u201cAntes viv\u00edamos con un servicio de energ\u00eda bastante p\u00e9simo, los focos alumbraban como una vela y los celulares no cargaban adecuadamente, pero hoy gracias a la Alcald\u00eda ha habido un cambio radical, los abanicos y las neveras han podido funcionar como debe ser\u201d. Esta historia la cuenta \u00a0Catalina Rodr\u00edguez, una habitante del Barrio Las Nieves del municipio de Arjona, despu\u00e9s de haber padecido cerca de 10 a\u00f1os por un mal servicio de energ\u00eda. Para solucionar este hist\u00f3rico problema de voltaje y atendiendo el llamado que junto a la se\u00f1ora Catalina&#8230; <\/p>\n","protected":false},"author":3,"featured_media":0,"comment_status":"open","ping_status":"closed","sticky":false,"template":"","format":"standard","meta":{"footnotes":"","_links_to":"","_links_to_target":""},"categories":[80,83],"tags":[],"class_list":["post-20554","post","type-post","status-publish","format-standard","hentry","category-region","category-municipios"],"_links":{"self":[{"href":"https:\/\/revistazetta.com\/index.php?rest_route=\/wp\/v2\/posts\/20554","targetHints":{"allow":["GET"]}}],"collection":[{"href":"https:\/\/revistazetta.com\/index.php?rest_route=\/wp\/v2\/posts"}],"about":[{"href":"https:\/\/revistazetta.com\/index.php?rest_route=\/wp\/v2\/types\/post"}],"author":[{"embeddable":true,"href":"https:\/\/revistazetta.com\/index.php?rest_route=\/wp\/v2\/users\/3"}],"replies":[{"embeddable":true,"href":"https:\/\/revistazetta.com\/index.php?rest_route=%2Fwp%2Fv2%2Fcomments&post=20554"}],"version-history":[{"count":0,"href":"https:\/\/revistazetta.com\/index.php?rest_route=\/wp\/v2\/posts\/20554\/revisions"}],"wp:attachment":[{"href":"https:\/\/revistazetta.com\/index.php?rest_route=%2Fwp%2Fv2%2Fmedia&parent=20554"}],"wp:term":[{"taxonomy":"category","embeddable":true,"href":"https:\/\/revistazetta.com\/index.php?rest_route=%2Fwp%2Fv2%2Fcategories&post=20554"},{"taxonomy":"post_tag","embeddable":true,"href":"https:\/\/revistazetta.com\/index.php?rest_route=%2Fwp%2Fv2%2Ftags&post=20554"}],"curies":[{"name":"wp","href":"https:\/\/api.w.org\/{rel}","templated":true}]}}