{"id":20556,"date":"2017-05-25T06:41:55","date_gmt":"2017-05-25T11:41:55","guid":{"rendered":"http:\/\/www.revistazetta.com\/?p=20556"},"modified":"2017-05-25T07:35:02","modified_gmt":"2017-05-25T12:35:02","slug":"comfamiliar-anuncia-proyecto-4-500-millones-los-montes-maria","status":"publish","type":"post","link":"https:\/\/revistazetta.com\/?p=20556","title":{"rendered":"Comfamiliar anuncia proyecto por $4.500 millones para los Montes de Mar\u00eda"},"content":{"rendered":"<p><strong><em>La Directora Administrativa de Comfamiliar Cartagena y Bol\u00edvar, Ana Patricia L\u00f3pez R\u00edos, anunci\u00f3 la gran alianza estrat\u00e9gica que permitir\u00e1 financiar emprendimientos productivos en las comunidades de esta importante zona rural.<\/em><\/strong><\/p>\n<p>Se trata de un nuevo convenio consolidado este mi\u00e9rcoles 24 de mayo en la ciudad de Medell\u00edn, entre directiva de las cajas de compensaci\u00f3n Comfamiliar Cartagena y Bol\u00edvar, Comfasucre (Sucre), Cajasan (Santander) y Comfama (Antioquia), el cual contempla el apoyo econ\u00f3mico y asesoramiento profesional para desarrollar proyectos productivos, agropecuarios, tur\u00edsticos, culturales y ambientales de la regi\u00f3n montemariana.<\/p>\n<p>De acuerdo a Ana Patricia L\u00f3pez, gerente de Comfamiliar Cartagena-Bol\u00edvar, la estrategia se encuentra formulada y el equipo de Comfamiliar estar\u00e1 desplaz\u00e1ndose a las comunidades para la implementaci\u00f3n, lo que se traduce en oportunidades de trabajo, asociaci\u00f3n y desarrollo sostenible espec\u00edficamente en los municipios de San Jacinto, Carmen de Bol\u00edvar y Zambrano en Bol\u00edvar; y Colos\u00f3, Ovejas y Morroa en Sucre.<\/p>\n<p>\u201cLa iniciativa, con $4.500 para invertir, beneficiar\u00e1 a 605 postulados individuales o agrupados, los cuales se escoger\u00e1n bajo par\u00e1metros espec\u00edficos y se les brindar\u00e1 capacitaci\u00f3n, capital semilla, y acompa\u00f1amiento en la cadena productiva y de comercializaci\u00f3n, lo cual configura una muestra de voluntades inmensas en procura del desarrollo regional\u201d, se\u00f1al\u00f3 L\u00f3pez R\u00edos.<\/p>\n","protected":false},"excerpt":{"rendered":"<p>La Directora Administrativa de Comfamiliar Cartagena y Bol\u00edvar, Ana Patricia L\u00f3pez R\u00edos, anunci\u00f3 la gran alianza estrat\u00e9gica que permitir\u00e1 financiar emprendimientos productivos en las comunidades de esta importante zona rural. Se trata de un nuevo convenio consolidado este mi\u00e9rcoles 24 de mayo en la ciudad de Medell\u00edn, entre directiva de las cajas de compensaci\u00f3n Comfamiliar Cartagena y Bol\u00edvar, Comfasucre (Sucre), Cajasan (Santander) y Comfama (Antioquia), el cual contempla el apoyo econ\u00f3mico y asesoramiento profesional para desarrollar proyectos productivos, agropecuarios, tur\u00edsticos, culturales y ambientales de la regi\u00f3n montemariana. De acuerdo a&#8230; <\/p>\n","protected":false},"author":3,"featured_media":20564,"comment_status":"open","ping_status":"closed","sticky":false,"template":"","format":"standard","meta":{"footnotes":"","_links_to":"","_links_to_target":""},"categories":[2],"tags":[],"class_list":["post-20556","post","type-post","status-publish","format-standard","has-post-thumbnail","hentry","category-actualidad"],"_links":{"self":[{"href":"https:\/\/revistazetta.com\/index.php?rest_route=\/wp\/v2\/posts\/20556","targetHints":{"allow":["GET"]}}],"collection":[{"href":"https:\/\/revistazetta.com\/index.php?rest_route=\/wp\/v2\/posts"}],"about":[{"href":"https:\/\/revistazetta.com\/index.php?rest_route=\/wp\/v2\/types\/post"}],"author":[{"embeddable":true,"href":"https:\/\/revistazetta.com\/index.php?rest_route=\/wp\/v2\/users\/3"}],"replies":[{"embeddable":true,"href":"https:\/\/revistazetta.com\/index.php?rest_route=%2Fwp%2Fv2%2Fcomments&post=20556"}],"version-history":[{"count":0,"href":"https:\/\/revistazetta.com\/index.php?rest_route=\/wp\/v2\/posts\/20556\/revisions"}],"wp:featuredmedia":[{"embeddable":true,"href":"https:\/\/revistazetta.com\/index.php?rest_route=\/wp\/v2\/media\/20564"}],"wp:attachment":[{"href":"https:\/\/revistazetta.com\/index.php?rest_route=%2Fwp%2Fv2%2Fmedia&parent=20556"}],"wp:term":[{"taxonomy":"category","embeddable":true,"href":"https:\/\/revistazetta.com\/index.php?rest_route=%2Fwp%2Fv2%2Fcategories&post=20556"},{"taxonomy":"post_tag","embeddable":true,"href":"https:\/\/revistazetta.com\/index.php?rest_route=%2Fwp%2Fv2%2Ftags&post=20556"}],"curies":[{"name":"wp","href":"https:\/\/api.w.org\/{rel}","templated":true}]}}