{"id":20558,"date":"2017-05-25T06:46:48","date_gmt":"2017-05-25T11:46:48","guid":{"rendered":"http:\/\/www.revistazetta.com\/?p=20558"},"modified":"2017-05-25T07:39:58","modified_gmt":"2017-05-25T12:39:58","slug":"debemos-mantener-la-unidad-dice-alcalde-encargado","status":"publish","type":"post","link":"https:\/\/revistazetta.com\/?p=20558","title":{"rendered":"Debemos mantener la unidad, dice alcalde encargado"},"content":{"rendered":"<p>El alcalde encargado, Sergio Londo\u00f1o Zurek, en su primer acto de gobierno invit\u00f3 a la ciudadan\u00eda a la unidad por la ciudad y manifest\u00f3 que el normal funcionamiento de la Alcald\u00eda no se afectar\u00e1.<\/p>\n<p>\u201cLa ciudad juega un rol protag\u00f3nico en el pa\u00eds, no solo porque es la puerta de entrada de Colombia, sino porque es un lugar donde los colombianos siempre han tenido un hogar\u201d.<\/p>\n<p>En rueda de prensa, el nuevo funcionario precis\u00f3 que en la ma\u00f1ana de hoy se reuni\u00f3 con el Comandante de la Polic\u00eda, general Luis Poveda, para conocer la situaci\u00f3n de seguridad de la ciudad, y con el secretario del Interior, Fernando Ni\u00f1o, para evaluar y tomar las medidas a que haya lugar.<\/p>\n<p>\u201cQueremos dar mensaje de unidad, todo el gabinete me acompa\u00f1a para decir aqu\u00ed que los funcionarios gobernamos para la ciudad, que lo vamos hacer con transparencia y seguridad, pero necesitamos el apoyo de los cartageneros y la ciudad nos necesita\u201d, dijo.<\/p>\n<p>Londo\u00f1o Zurek manifest\u00f3 que el tiempo que estar\u00e1 al frente del gobierno de Primero la Gente, el mensaje y la invitaci\u00f3n a los cartageneros es de unidad y continuidad en los programas que se vienen adelantando y que son necesarios, como es el caso de Protecci\u00f3n Costera.<\/p>\n<p>Agreg\u00f3 que, aunque el periodo frente a la Alcald\u00eda sea corto, todos debemos poner un grano de arena por la ciudad, porque es lo m\u00e1s importante. \u201cAqu\u00ed tenemos que\u00a0actuar con mucha transparencia y no doblegarnos con la corrupci\u00f3n y a seguir trabajando con esp\u00edritu constructivo\u201d.<\/p>\n<p>El alcalde encargado se reuni\u00f3 con el gabinete de Primero la Gente, para recibir informe de las acciones que cada dependencia viene realizando.<\/p>\n","protected":false},"excerpt":{"rendered":"<p>El alcalde encargado, Sergio Londo\u00f1o Zurek, en su primer acto de gobierno invit\u00f3 a la ciudadan\u00eda a la unidad por la ciudad y manifest\u00f3 que el normal funcionamiento de la Alcald\u00eda no se afectar\u00e1. \u201cLa ciudad juega un rol protag\u00f3nico en el pa\u00eds, no solo porque es la puerta de entrada de Colombia, sino porque es un lugar donde los colombianos siempre han tenido un hogar\u201d. En rueda de prensa, el nuevo funcionario precis\u00f3 que en la ma\u00f1ana de hoy se reuni\u00f3 con el Comandante de la Polic\u00eda, general Luis&#8230; <\/p>\n","protected":false},"author":3,"featured_media":20566,"comment_status":"open","ping_status":"closed","sticky":false,"template":"","format":"standard","meta":{"footnotes":"","_links_to":"","_links_to_target":""},"categories":[32,75],"tags":[],"class_list":["post-20558","post","type-post","status-publish","format-standard","has-post-thumbnail","hentry","category-actualidad-distrito","category-destacada"],"_links":{"self":[{"href":"https:\/\/revistazetta.com\/index.php?rest_route=\/wp\/v2\/posts\/20558","targetHints":{"allow":["GET"]}}],"collection":[{"href":"https:\/\/revistazetta.com\/index.php?rest_route=\/wp\/v2\/posts"}],"about":[{"href":"https:\/\/revistazetta.com\/index.php?rest_route=\/wp\/v2\/types\/post"}],"author":[{"embeddable":true,"href":"https:\/\/revistazetta.com\/index.php?rest_route=\/wp\/v2\/users\/3"}],"replies":[{"embeddable":true,"href":"https:\/\/revistazetta.com\/index.php?rest_route=%2Fwp%2Fv2%2Fcomments&post=20558"}],"version-history":[{"count":0,"href":"https:\/\/revistazetta.com\/index.php?rest_route=\/wp\/v2\/posts\/20558\/revisions"}],"wp:featuredmedia":[{"embeddable":true,"href":"https:\/\/revistazetta.com\/index.php?rest_route=\/wp\/v2\/media\/20566"}],"wp:attachment":[{"href":"https:\/\/revistazetta.com\/index.php?rest_route=%2Fwp%2Fv2%2Fmedia&parent=20558"}],"wp:term":[{"taxonomy":"category","embeddable":true,"href":"https:\/\/revistazetta.com\/index.php?rest_route=%2Fwp%2Fv2%2Fcategories&post=20558"},{"taxonomy":"post_tag","embeddable":true,"href":"https:\/\/revistazetta.com\/index.php?rest_route=%2Fwp%2Fv2%2Ftags&post=20558"}],"curies":[{"name":"wp","href":"https:\/\/api.w.org\/{rel}","templated":true}]}}