{"id":20567,"date":"2017-05-25T10:36:09","date_gmt":"2017-05-25T15:36:09","guid":{"rendered":"http:\/\/www.revistazetta.com\/?p=20567"},"modified":"2017-05-25T10:36:09","modified_gmt":"2017-05-25T15:36:09","slug":"londono-claro-encargo-analisis-john-zamora","status":"publish","type":"post","link":"https:\/\/revistazetta.com\/?p=20567","title":{"rendered":"Londo\u00f1o tiene claro su encargo \u2013 An\u00e1lisis de John Zamora"},"content":{"rendered":"<p><span style=\"color: #0000ff;\"><strong>Por John Zamora (Director de Revista Zetta).-<\/strong><\/span> Sergio Alfonso Londo\u00f1o Zurek encar\u00f3 un encendido fogueo de\u00a0preguntas en la concurrida rueda de prensa de su primer d\u00eda como alcalde de Cartagena y denot\u00f3 que tiene claro que se trata de un encargo.<\/p>\n<p>Sabe que vino a cumplir un designio presidencial pro tempore y, como el poeta que recita un verso de memoria, cit\u00f3 el art\u00edculo segundo del decreto 862 del 23 de mayo de 2017 que lo tiene como alcalde de Cartagena: \u201cmientras se obtiene la terna del grupo significativo de ciudadanos \u00abPrimero la Gente Movimiento Ciudadano\u00bb que inscribi\u00f3 la candidatura del alcalde electo del Distrito Especial, Tur\u00edstico y Cultural de Cartagena y se designa alcalde por el procedimiento de terna\u201d.<\/p>\n<p>Londo\u00f1o tambi\u00e9n dej\u00f3 claro de d\u00f3nde viene y a qui\u00e9n representa y a qui\u00e9n no. Viene de una previsi\u00f3n de ley que ante la suspensi\u00f3n del alcalde Manolo Duque, le confiere la atribuci\u00f3n de designar su reemplazo temporal al Presidente de la Rep\u00fablica.<\/p>\n<p>Dijo que no representa a ninguna casa pol\u00edtica, en clara alusi\u00f3n a quienes lo se\u00f1alaron de venir recomendado por la Casa Garc\u00eda.<\/p>\n<p>Para sustentar, record\u00f3 su llegada a la pol\u00edtica: El partido de la U habilit\u00f3 un espacio por internet para que cualquiera pudiera postularse, y Londo\u00f1o lo hizo como candidato a la C\u00e1mara por Bol\u00edvar, con el \u00edmpetu propio de la juventud y el inter\u00e9s (\u00bfingenuo?) de cambiar las formas de hacer pol\u00edtica. A pulso logr\u00f3 cuatro mil votos, tras caminar las calles de los barrios populares de Cartagena. Luego pas\u00f3 a la campa\u00f1a Santos Presidente, de ah\u00ed a la Casa de Nari\u00f1o, a la Agencia Presidencial de Cooperaci\u00f3n y, ahora, a la Alcald\u00eda de Cartagena por unos d\u00edas. En esa trazabilidad no aparece Garc\u00eda alguno.<\/p>\n<p>Con claridad en esos puntos, lo que viene es el esfuerzo por mantener el ritmo de la administraci\u00f3n, focalizar temas y esperar que salga la terna y un reemplazo, que ser\u00eda el noveno alcalde en cinco a\u00f1os.<\/p>\n<p>El poder popular de las urnas le confiri\u00f3 la Alcald\u00eda de Cartagena a Manolo Duque por un periodo de cuatro a\u00f1os. Esta interrupci\u00f3n disciplinaria puede que termine cuando se agoten los tres meses, o que se prorrogue, o que se complique. Ese es un ramillete de escenarios.<\/p>\n<p>Otro escenario es el de la terna. El movimiento Primero la Gente no ha dicho cu\u00e1l ser\u00e1 el mecanismo para su conformaci\u00f3n, ni una fecha para su presentaci\u00f3n ante el Presidente. No sabemos a qui\u00e9nes les est\u00e1n proponiendo o quienes se est\u00e1n ofreciendo, m\u00e1xime que se trata de un movimiento ciudadano. Ya est\u00e1n demorados.<\/p>\n<p>Ese ser\u00e1 un escenario de intensa lucha, donde todos los socios de Primero la Gente se sentir\u00e1n en legitimidad de pujar por el poder, por muy transitorio que sea.<\/p>\n<p>\u00bfY si la terna no satisface al Presidente? Este es uno de los escenarios m\u00e1s interesantes, pues prolongar\u00eda el encargo de Londo\u00f1o y pondr\u00eda en aprietos a Primero la Gente para refaccionar la terna. \u00bfY si Londo\u00f1o entra en la terna?<\/p>\n<p>Sea cual sea la terna y el elegido, el escenario que m\u00e1s le conviene a la institucionalidad de Cartagena es que termine la suspensi\u00f3n del alcalde Manolo y regrese al cargo, donde lo puso la democracia.<\/p>\n<p>Como se puede observar, las certezas en materia pol\u00edtica son tan necesarias como escasas.<\/p>\n<p>&nbsp;<\/p>\n","protected":false},"excerpt":{"rendered":"<p>Por John Zamora (Director de Revista Zetta).- Sergio Alfonso Londo\u00f1o Zurek encar\u00f3 un encendido fogueo de\u00a0preguntas en la concurrida rueda de prensa de su primer d\u00eda como alcalde de Cartagena y denot\u00f3 que tiene claro que se trata de un encargo. Sabe que vino a cumplir un designio presidencial pro tempore y, como el poeta que recita un verso de memoria, cit\u00f3 el art\u00edculo segundo del decreto 862 del 23 de mayo de 2017 que lo tiene como alcalde de Cartagena: \u201cmientras se obtiene la terna del grupo significativo de&#8230; <\/p>\n","protected":false},"author":3,"featured_media":20562,"comment_status":"open","ping_status":"closed","sticky":false,"template":"","format":"standard","meta":{"footnotes":"","_links_to":"","_links_to_target":""},"categories":[75,66,44],"tags":[],"class_list":["post-20567","post","type-post","status-publish","format-standard","has-post-thumbnail","hentry","category-destacada","category-analisis","category-materiagris"],"_links":{"self":[{"href":"https:\/\/revistazetta.com\/index.php?rest_route=\/wp\/v2\/posts\/20567","targetHints":{"allow":["GET"]}}],"collection":[{"href":"https:\/\/revistazetta.com\/index.php?rest_route=\/wp\/v2\/posts"}],"about":[{"href":"https:\/\/revistazetta.com\/index.php?rest_route=\/wp\/v2\/types\/post"}],"author":[{"embeddable":true,"href":"https:\/\/revistazetta.com\/index.php?rest_route=\/wp\/v2\/users\/3"}],"replies":[{"embeddable":true,"href":"https:\/\/revistazetta.com\/index.php?rest_route=%2Fwp%2Fv2%2Fcomments&post=20567"}],"version-history":[{"count":0,"href":"https:\/\/revistazetta.com\/index.php?rest_route=\/wp\/v2\/posts\/20567\/revisions"}],"wp:featuredmedia":[{"embeddable":true,"href":"https:\/\/revistazetta.com\/index.php?rest_route=\/wp\/v2\/media\/20562"}],"wp:attachment":[{"href":"https:\/\/revistazetta.com\/index.php?rest_route=%2Fwp%2Fv2%2Fmedia&parent=20567"}],"wp:term":[{"taxonomy":"category","embeddable":true,"href":"https:\/\/revistazetta.com\/index.php?rest_route=%2Fwp%2Fv2%2Fcategories&post=20567"},{"taxonomy":"post_tag","embeddable":true,"href":"https:\/\/revistazetta.com\/index.php?rest_route=%2Fwp%2Fv2%2Ftags&post=20567"}],"curies":[{"name":"wp","href":"https:\/\/api.w.org\/{rel}","templated":true}]}}