{"id":20568,"date":"2017-05-26T06:28:40","date_gmt":"2017-05-26T11:28:40","guid":{"rendered":"http:\/\/www.revistazetta.com\/?p=20568"},"modified":"2017-05-26T06:28:40","modified_gmt":"2017-05-26T11:28:40","slug":"quiroz-se-presento-la-fiscalia-no-pasa-nada","status":"publish","type":"post","link":"https:\/\/revistazetta.com\/?p=20568","title":{"rendered":"Quiroz se present\u00f3 en la Fiscal\u00eda &#8230; \u00a1y no pasa nada!"},"content":{"rendered":"<p>Cuando un peligros\u00edsimo muerto de hambre se roba un pan, la fiereza de la Fiscal\u00eda aparece implacable y lo manda para la c\u00e1rcel.<\/p>\n<p>Ya quisiera ese ladr\u00f3n de panes tener el aura que rodea a quien construye un edificio que colapsa y ocasiona la muerte de 21 personas&#8230;<\/p>\n<p>El constructor del edificio Blas de Lezo II, Wilfran Quiroz se present\u00f3 este jueves en la Fiscal\u00eda, camin\u00f3 por sus pasillos, se entrevist\u00f3 con alg\u00fan funcionario y, a modo de postal tur\u00edstica para confirmar su tur\u00edstico andar, se tom\u00f3 una foto en la fachada de la sede en Crespo.<\/p>\n<p>Este 27 de mayo se cumple un mes de la tragedia de Blas de Lezo. Hay 21 humildes familias de luto, otra veintena de heridos, compradores burlados y todo un esc\u00e1ndalo nacional. Anomal\u00edas en tr\u00e1mites, en aplicaci\u00f3n de normas laborales y fallas de ingenier\u00eda, se se\u00f1alan como parte de la mezcla que termin\u00f3 colapsando al edificio.<\/p>\n<p>Por cuenta de las presuntas inconsistencias disciplinarias en el control a las construcciones, la Procuradur\u00eda tiene suspendido por tres meses al alcalde Manolo Duque, hay un alcalde encargado por el Presidente de la Rep\u00fablica y el movimiento Primero la Gente tiene que presenta una terna de la cual el presidente escoger\u00e1 un alcalde.<\/p>\n","protected":false},"excerpt":{"rendered":"<p>Cuando un peligros\u00edsimo muerto de hambre se roba un pan, la fiereza de la Fiscal\u00eda aparece implacable y lo manda para la c\u00e1rcel. Ya quisiera ese ladr\u00f3n de panes tener el aura que rodea a quien construye un edificio que colapsa y ocasiona la muerte de 21 personas&#8230; El constructor del edificio Blas de Lezo II, Wilfran Quiroz se present\u00f3 este jueves en la Fiscal\u00eda, camin\u00f3 por sus pasillos, se entrevist\u00f3 con alg\u00fan funcionario y, a modo de postal tur\u00edstica para confirmar su tur\u00edstico andar, se tom\u00f3 una foto en&#8230; <\/p>\n","protected":false},"author":3,"featured_media":20569,"comment_status":"open","ping_status":"closed","sticky":false,"template":"","format":"standard","meta":{"footnotes":"","_links_to":"","_links_to_target":""},"categories":[2,75],"tags":[],"class_list":["post-20568","post","type-post","status-publish","format-standard","has-post-thumbnail","hentry","category-actualidad","category-destacada"],"_links":{"self":[{"href":"https:\/\/revistazetta.com\/index.php?rest_route=\/wp\/v2\/posts\/20568","targetHints":{"allow":["GET"]}}],"collection":[{"href":"https:\/\/revistazetta.com\/index.php?rest_route=\/wp\/v2\/posts"}],"about":[{"href":"https:\/\/revistazetta.com\/index.php?rest_route=\/wp\/v2\/types\/post"}],"author":[{"embeddable":true,"href":"https:\/\/revistazetta.com\/index.php?rest_route=\/wp\/v2\/users\/3"}],"replies":[{"embeddable":true,"href":"https:\/\/revistazetta.com\/index.php?rest_route=%2Fwp%2Fv2%2Fcomments&post=20568"}],"version-history":[{"count":0,"href":"https:\/\/revistazetta.com\/index.php?rest_route=\/wp\/v2\/posts\/20568\/revisions"}],"wp:featuredmedia":[{"embeddable":true,"href":"https:\/\/revistazetta.com\/index.php?rest_route=\/wp\/v2\/media\/20569"}],"wp:attachment":[{"href":"https:\/\/revistazetta.com\/index.php?rest_route=%2Fwp%2Fv2%2Fmedia&parent=20568"}],"wp:term":[{"taxonomy":"category","embeddable":true,"href":"https:\/\/revistazetta.com\/index.php?rest_route=%2Fwp%2Fv2%2Fcategories&post=20568"},{"taxonomy":"post_tag","embeddable":true,"href":"https:\/\/revistazetta.com\/index.php?rest_route=%2Fwp%2Fv2%2Ftags&post=20568"}],"curies":[{"name":"wp","href":"https:\/\/api.w.org\/{rel}","templated":true}]}}