{"id":20597,"date":"2017-05-29T12:23:24","date_gmt":"2017-05-29T17:23:24","guid":{"rendered":"http:\/\/www.revistazetta.com\/?p=20597"},"modified":"2017-05-29T12:23:24","modified_gmt":"2017-05-29T17:23:24","slug":"educadora-bolivarense-nominada-al-premio-compartir-al-maestro-2017","status":"publish","type":"post","link":"https:\/\/revistazetta.com\/?p=20597","title":{"rendered":"Educadora bolivarense nominada al Premio Compartir al Maestro 2017"},"content":{"rendered":"<blockquote><p><span style=\"color: #800080;\"><strong><em>El Premio Compartir se ha consolidado como el m\u00e1ximo galard\u00f3n a docentes y rectores por su liderazgo y labor educativa, manteniendo firme su compromiso de dar reconocimiento a los maestros que, desde diferentes regiones, trabajan por hacer de Colombia un lugar mejor.<\/em><\/strong><\/span><\/p><\/blockquote>\n<p>La educadora\u00a0bolivarense Sandra Mercedes Zabaleta P\u00e9rez, de la Instituci\u00f3n Educativa Docente de Turbaco, fue\u00a0nominada al Premio Compartir al Maestro 2017.<\/p>\n<p>Su\u00a0propuesta \u201cEl contexto y la cotidianidad, incentivo para el aprendizaje de las Ciencias Naturales\u201d, encierra las inquietudes de la maestra por el bajo rendimiento acad\u00e9mico de los estudiantes de 8\u00ba. \u201cInici\u00e9 una observaci\u00f3n rigurosa de sus actitudes hacia el aprendizaje, notando mayor tendencia hacia el estilo pragm\u00e1tico, pero con un distanciamiento entre el conocimiento y el mundo real en el cual se aplica, ya que aunque se motivaban por la experimentaci\u00f3n, no comprend\u00edan la aplicabilidad en el mundo real\u201d, dijo.<\/p>\n<p>Oscar Mar\u00edn Villalba, secretario de Educaci\u00f3n de Bol\u00edvar, dijo que este reconocimiento que recibe la educadora Sandra Zabaleta P\u00e9rez, es ante todo un mensaje de gratitud de una sociedad que conf\u00eda en que su ejemplo sea seguido por todos quienes en el presente y en el futuro orientar\u00e1n sus vidas a la sagrada misi\u00f3n de educar\u201d, puntualiz\u00f3.<\/p>\n<p>\u201cEste tipo de experiencias significativas exitosas son las que le dan la parte misional a la Secretar\u00eda, desde hace tiempo estamos invitando a los docentes de aulas para que muestren sus experiencias por muy peque\u00f1as que sean, esto es lo que le da vida a la misi\u00f3n educativa\u201d, indic\u00f3 el funcionario.<\/p>\n<p>Por su parte el director de Calidad Educativa de la Secretar\u00eda de Educaci\u00f3n departamental, Robinson Casarrubia Cardona, se\u00f1al\u00f3 que este premio es una invitaci\u00f3n para que todos nuestros docentes y rectores contin\u00faen trabajando por la educaci\u00f3n, \u201cel Premio Compartir se ha consolidado como el m\u00e1ximo galard\u00f3n a docentes y rectores por su liderazgo y labor educativa. A\u00f1o tras a\u00f1o maestros y rectores de todo el pa\u00eds se postulan al gran premio nacional y en esta ocasi\u00f3n se reconocer\u00e1n las mejores propuestas del departamento de Bol\u00edvar, asever\u00f3.<\/p>\n<p>La Fundaci\u00f3n Compartir en una b\u00fasqueda constante por mejorar la calidad de la educaci\u00f3n en Colombia, lidera el Premio Compartir hace m\u00e1s de 15 a\u00f1os. El inter\u00e9s principal de este galard\u00f3n es reconocer el trabajo docente y el liderazgo ejercido en la gesti\u00f3n directiva. La mejor estrategia para acabar con la inequidad es una educaci\u00f3n de calidad para todos, la cual s\u00f3lo es posible gracias al trabajo comprometido y cualificado de todos los docentes.<\/p>\n","protected":false},"excerpt":{"rendered":"<p>El Premio Compartir se ha consolidado como el m\u00e1ximo galard\u00f3n a docentes y rectores por su liderazgo y labor educativa, manteniendo firme su compromiso de dar reconocimiento a los maestros que, desde diferentes regiones, trabajan por hacer de Colombia un lugar mejor. La educadora\u00a0bolivarense Sandra Mercedes Zabaleta P\u00e9rez, de la Instituci\u00f3n Educativa Docente de Turbaco, fue\u00a0nominada al Premio Compartir al Maestro 2017. Su\u00a0propuesta \u201cEl contexto y la cotidianidad, incentivo para el aprendizaje de las Ciencias Naturales\u201d, encierra las inquietudes de la maestra por el bajo rendimiento acad\u00e9mico de los estudiantes&#8230; <\/p>\n","protected":false},"author":3,"featured_media":20598,"comment_status":"open","ping_status":"closed","sticky":false,"template":"","format":"standard","meta":{"footnotes":"","_links_to":"","_links_to_target":""},"categories":[2],"tags":[],"class_list":["post-20597","post","type-post","status-publish","format-standard","has-post-thumbnail","hentry","category-actualidad"],"_links":{"self":[{"href":"https:\/\/revistazetta.com\/index.php?rest_route=\/wp\/v2\/posts\/20597","targetHints":{"allow":["GET"]}}],"collection":[{"href":"https:\/\/revistazetta.com\/index.php?rest_route=\/wp\/v2\/posts"}],"about":[{"href":"https:\/\/revistazetta.com\/index.php?rest_route=\/wp\/v2\/types\/post"}],"author":[{"embeddable":true,"href":"https:\/\/revistazetta.com\/index.php?rest_route=\/wp\/v2\/users\/3"}],"replies":[{"embeddable":true,"href":"https:\/\/revistazetta.com\/index.php?rest_route=%2Fwp%2Fv2%2Fcomments&post=20597"}],"version-history":[{"count":0,"href":"https:\/\/revistazetta.com\/index.php?rest_route=\/wp\/v2\/posts\/20597\/revisions"}],"wp:featuredmedia":[{"embeddable":true,"href":"https:\/\/revistazetta.com\/index.php?rest_route=\/wp\/v2\/media\/20598"}],"wp:attachment":[{"href":"https:\/\/revistazetta.com\/index.php?rest_route=%2Fwp%2Fv2%2Fmedia&parent=20597"}],"wp:term":[{"taxonomy":"category","embeddable":true,"href":"https:\/\/revistazetta.com\/index.php?rest_route=%2Fwp%2Fv2%2Fcategories&post=20597"},{"taxonomy":"post_tag","embeddable":true,"href":"https:\/\/revistazetta.com\/index.php?rest_route=%2Fwp%2Fv2%2Ftags&post=20597"}],"curies":[{"name":"wp","href":"https:\/\/api.w.org\/{rel}","templated":true}]}}