{"id":20599,"date":"2017-05-29T12:27:33","date_gmt":"2017-05-29T17:27:33","guid":{"rendered":"http:\/\/www.revistazetta.com\/?p=20599"},"modified":"2017-05-29T14:44:39","modified_gmt":"2017-05-29T19:44:39","slug":"gobernacion-se-moviliza-atender-emergencia-sur-bolivar","status":"publish","type":"post","link":"https:\/\/revistazetta.com\/?p=20599","title":{"rendered":"Gobernaci\u00f3n se moviliza para atender emergencia en el sur de Bol\u00edvar"},"content":{"rendered":"<p><img loading=\"lazy\" decoding=\"async\" class=\"size-medium wp-image-20632 alignleft\" src=\"https:\/\/www.revistazetta.com\/wp-content\/uploads\/2017\/05\/2017-05-29-PHOTO-00000014-188x300.jpg\" alt=\"2017-05-29-PHOTO-00000014\" width=\"188\" height=\"300\" srcset=\"https:\/\/revistazetta.com\/wp-content\/uploads\/2017\/05\/2017-05-29-PHOTO-00000014-188x300.jpg 188w, https:\/\/revistazetta.com\/wp-content\/uploads\/2017\/05\/2017-05-29-PHOTO-00000014-91x146.jpg 91w, https:\/\/revistazetta.com\/wp-content\/uploads\/2017\/05\/2017-05-29-PHOTO-00000014-31x50.jpg 31w, https:\/\/revistazetta.com\/wp-content\/uploads\/2017\/05\/2017-05-29-PHOTO-00000014-47x75.jpg 47w, https:\/\/revistazetta.com\/wp-content\/uploads\/2017\/05\/2017-05-29-PHOTO-00000014.jpg 500w\" sizes=\"auto, (max-width: 188px) 100vw, 188px\" \/>El gobernador de Bol\u00edvar Dumek Turbay, desde muy tempranas horas de la ma\u00f1ana de hoy se traslad\u00f3 directamente hasta el municipio de Altos del Rosario para atender el llamado de la comunidad que se ha visto afectada por el reciente aumento de los niveles del r\u00edo Magdalena a causa de las frecuentes lluvias.<\/p>\n<p>El mandatario de los bolivarense inspeccion\u00f3 la zona afectada en compa\u00f1\u00eda del alcalde, Jacinto Rodr\u00edguez Ardilla, y de miembros del gabinete departamental. As\u00ed mismo, Turbay Paz brind\u00f3 una ayuda inmediata y oportuna para las m\u00e1s de 600 familias afectadas, mediante: 1,000 kit de alimentos, 1,000 kit de aseo, 3,000 hamacas, 30 mil litros de agua potable, alojamientos temporales y subsidios de arriendos de ser necesario.<\/p>\n<p>El gobernador hizo un llamado a la tranquilidad de los habitantes, dado que expres\u00f3 que desde su gobierno se le dar\u00e1 una soluci\u00f3n definitiva a esta problem\u00e1tica para que no se repita en el futuro.<\/p>\n<p>\u00abAnte una situaci\u00f3n tan compleja vinimos a decirles a nuestros habitantes de Altos del Rosario que no est\u00e1n solos, aqu\u00ed los acompa\u00f1aremos con miembros de mi gobierno para trabajar continuamente. Vamos a cerrar inmediatamente este boquete para que no se siga afectando la comunidad\u00bb, expres\u00f3 Dumek Turbay en compa\u00f1\u00eda del alcalde del municipio, la Polic\u00eda y la Armada.<\/p>\n<p>Seguidamente, el gobierno departamental se traslad\u00f3 hasta Hatillo de Loba para inspeccionar los avances en las obras de mitigaci\u00f3n y prevenci\u00f3n en este municipio, donde se priorizaron dos puntos cr\u00edticos : el corregimiento de Guali y el chorro de la Victoria. En estos momentos se traslada hacia el Banco Magdalena para liderar un encuentro con los gobernadores del Atl\u00e1ntico y Magdalena.<\/p>\n<p>La reuni\u00f3n que lidera el gobernador Dumek Turbay con los dem\u00e1s gobernadores tiene por objetivo definir en equipo los recursos de prevenci\u00f3n de desastres en los municipios ribere\u00f1os de los tres departamentos.<\/p>\n<p>Por instrucciones del gobernador, Dumek Turbay, la direcci\u00f3n de Gesti\u00f3n del Riesgo en cabeza de Ariel Zambrano, permanece en la zona a cargo de la revisi\u00f3n de los puntos cr\u00edticos y para solucionar el realce de las cotas del terrapl\u00e9nEl gobernador Dumek Turbay y su equipo de atenci\u00f3n de riesgos coordin\u00f3 con diferentes agencias de la Naci\u00f3n la movilizaci\u00f3n de equipos, personal y ayuda humanitaria ante la emergencia invernal en el sur de Bol\u00edvar.<\/p>\n<p>El director de Gesti\u00f3n del Riesgo Departamental, Ariel Zambrano, dijo que fueron identificados dos puntos cr\u00edticos en Hatillo de Loba: el corregimiento de Gual\u00ed y el Chorro de La Victoria, donde la Gobernaci\u00f3n de Bol\u00edvar se encuentra trabajando las 24 horas del d\u00eda.<\/p>\n<p>\u201cEn este momento nos encontramos coordinando todas las actividades de respuesta y mitigaci\u00f3n ante las afectaciones de dos puntos cr\u00edticos: en el corregimiento Gual\u00ed y en el chorro de La Victoria. Nos encontramos haciendo labores con maquinaria pesada, con retroexcavadoras, con volquetas, y con la mano de obra de la comunidad\u201d, dijo Zambrano.<\/p>\n<p>De acuerdo con el secretario de Gesti\u00f3n del Riesgo Departamental, han sido suministrados 300.000 costales que, continuamente, est\u00e1n siendo ubicados en los puntos cr\u00edticos.<\/p>\n<p>Adicionalmente, con la gesti\u00f3n de la Gobernaci\u00f3n de Bol\u00edvar, en la zona se encuentran realizando trabajos 17 volquetas, tres retroexacavadoras, cargadores, que han recibido como complemento\u00a0 toda la disposici\u00f3n de la mano de obra de la comunidad del sector, que se ha sumado de manera voluntaria.<\/p>\n<p>\u201cDe esta forma estamos manejando la cotas de inundaci\u00f3n que, hist\u00f3ricamente, en estos momentos han sido superadas por esta creciente. Debemos tener en cuenta que ya en Barrancabermeja (Santander) y San Pablo, en el sur de Bol\u00edvar, ha decrecido el nivel del r\u00edo\u201d, explic\u00f3 el director de Gesti\u00f3n del Riesgo Departamental.<\/p>\n<p>Zambrano explic\u00f3 que la Gobernaci\u00f3n de Bol\u00edvar continuar\u00e1 trabajando, de manera articulada, con la Unidad Nacional de Gesti\u00f3n del Riesgo, la Alcald\u00eda Municipal de Hatillo de Loba, y todas las entidades que hacen parte de este sistema, con el fin de materializar el mejoramiento y realce del dique de protecci\u00f3n en los puntos que suman aproximadamente 6 kil\u00f3metros.<\/p>\n<p>&nbsp;<\/p>\n","protected":false},"excerpt":{"rendered":"<p>El gobernador de Bol\u00edvar Dumek Turbay, desde muy tempranas horas de la ma\u00f1ana de hoy se traslad\u00f3 directamente hasta el municipio de Altos del Rosario para atender el llamado de la comunidad que se ha visto afectada por el reciente aumento de los niveles del r\u00edo Magdalena a causa de las frecuentes lluvias. El mandatario de los bolivarense inspeccion\u00f3 la zona afectada en compa\u00f1\u00eda del alcalde, Jacinto Rodr\u00edguez Ardilla, y de miembros del gabinete departamental. As\u00ed mismo, Turbay Paz brind\u00f3 una ayuda inmediata y oportuna para las m\u00e1s de 600&#8230; <\/p>\n","protected":false},"author":3,"featured_media":20625,"comment_status":"open","ping_status":"closed","sticky":false,"template":"","format":"standard","meta":{"footnotes":"","_links_to":"","_links_to_target":""},"categories":[80,33,75],"tags":[],"class_list":["post-20599","post","type-post","status-publish","format-standard","has-post-thumbnail","hentry","category-region","category-actualidad-bolivar","category-destacada"],"_links":{"self":[{"href":"https:\/\/revistazetta.com\/index.php?rest_route=\/wp\/v2\/posts\/20599","targetHints":{"allow":["GET"]}}],"collection":[{"href":"https:\/\/revistazetta.com\/index.php?rest_route=\/wp\/v2\/posts"}],"about":[{"href":"https:\/\/revistazetta.com\/index.php?rest_route=\/wp\/v2\/types\/post"}],"author":[{"embeddable":true,"href":"https:\/\/revistazetta.com\/index.php?rest_route=\/wp\/v2\/users\/3"}],"replies":[{"embeddable":true,"href":"https:\/\/revistazetta.com\/index.php?rest_route=%2Fwp%2Fv2%2Fcomments&post=20599"}],"version-history":[{"count":0,"href":"https:\/\/revistazetta.com\/index.php?rest_route=\/wp\/v2\/posts\/20599\/revisions"}],"wp:featuredmedia":[{"embeddable":true,"href":"https:\/\/revistazetta.com\/index.php?rest_route=\/wp\/v2\/media\/20625"}],"wp:attachment":[{"href":"https:\/\/revistazetta.com\/index.php?rest_route=%2Fwp%2Fv2%2Fmedia&parent=20599"}],"wp:term":[{"taxonomy":"category","embeddable":true,"href":"https:\/\/revistazetta.com\/index.php?rest_route=%2Fwp%2Fv2%2Fcategories&post=20599"},{"taxonomy":"post_tag","embeddable":true,"href":"https:\/\/revistazetta.com\/index.php?rest_route=%2Fwp%2Fv2%2Ftags&post=20599"}],"curies":[{"name":"wp","href":"https:\/\/api.w.org\/{rel}","templated":true}]}}