{"id":20683,"date":"2017-05-31T19:05:30","date_gmt":"2017-06-01T00:05:30","guid":{"rendered":"http:\/\/www.revistazetta.com\/?p=20683"},"modified":"2017-05-31T19:12:33","modified_gmt":"2017-06-01T00:12:33","slug":"pozon-ya-visualiza-estacion-policia","status":"publish","type":"post","link":"https:\/\/revistazetta.com\/?p=20683","title":{"rendered":"El Poz\u00f3n ya visualiza su estaci\u00f3n de Polic\u00eda"},"content":{"rendered":"<p>El alcalde (e) de Cartagena, Sergio Londo\u00f1o Zurek, explic\u00f3 a la comunidad de El Poz\u00f3n los detalles de la construcci\u00f3n de la Estaci\u00f3n de Polic\u00eda que se construir\u00e1 en ese sector de la ciudad.<\/p>\n<p>En visita que hizo al barrio escuch\u00f3 las inquietudes y recomendaciones de los habitantes frente a esta edificaci\u00f3n que tendr\u00e1 5.500 metros cuadrados, que har\u00e1 el gobierno de Primero la Gente con el apoyo del Ministerio del Interior.<\/p>\n<p>\u201cLe construimos a El Poz\u00f3n m\u00e1s que la Estaci\u00f3n de Polic\u00eda, es el sue\u00f1o anhelado de la comunidad durante muchos a\u00f1os. Tendr\u00e1 una capacidad para m\u00e1s de 200 polic\u00edas y brindar\u00e1 seguridad a barrios vecinos como Flor del Campo, Villa de Aranjuez, Colombiat\u00f3n, incluso, la villa Ol\u00edmpica que se construye muy cerca de all\u00ed para los Juegos Nacionales 2019\u201d, manifest\u00f3 el alcalde (e).<\/p>\n<p>Londo\u00f1o Zurek invit\u00f3 a la comunidad a adoptar la Estaci\u00f3n, porque \u00e9l desde el Gobierno gestionar\u00e1 el mejoramiento del entorno de la zona. \u201cEstos terrenos son importantes, porque aqu\u00ed juegan y se recrean, pero tienen problemas de seguridad, y esta estaci\u00f3n va a permitir una recuperaci\u00f3n integral al sector\u201d, afirm\u00f3.<\/p>\n<p>Nora Salgado, quien es l\u00edder comunal de El Poz\u00f3n, asegura sentirse orgullosa de este proyecto. \u201cEs una idea que naci\u00f3 de los comunales del barrio. En ese momento nos dijeron que \u00e9ramos locos, pero es un sue\u00f1o que se hace realidad, y que va a generar una seguridad grande en nuestra comunidad\u201d.<\/p>\n<p>Afirma la l\u00edder comunitaria que en ese sector se presentan muchos conflictos entre los j\u00f3venes, y tenemos expectativa y esperanza de que El Poz\u00f3n ser\u00e1 uno de los mejores barrios de Cartagena\u201d.<\/p>\n","protected":false},"excerpt":{"rendered":"<p>El alcalde (e) de Cartagena, Sergio Londo\u00f1o Zurek, explic\u00f3 a la comunidad de El Poz\u00f3n los detalles de la construcci\u00f3n de la Estaci\u00f3n de Polic\u00eda que se construir\u00e1 en ese sector de la ciudad. En visita que hizo al barrio escuch\u00f3 las inquietudes y recomendaciones de los habitantes frente a esta edificaci\u00f3n que tendr\u00e1 5.500 metros cuadrados, que har\u00e1 el gobierno de Primero la Gente con el apoyo del Ministerio del Interior. \u201cLe construimos a El Poz\u00f3n m\u00e1s que la Estaci\u00f3n de Polic\u00eda, es el sue\u00f1o anhelado de la comunidad&#8230; <\/p>\n","protected":false},"author":3,"featured_media":20685,"comment_status":"open","ping_status":"closed","sticky":false,"template":"","format":"standard","meta":{"footnotes":"","_links_to":"","_links_to_target":""},"categories":[32,86,75],"tags":[],"class_list":["post-20683","post","type-post","status-publish","format-standard","has-post-thumbnail","hentry","category-actualidad-distrito","category-comunidad","category-destacada"],"_links":{"self":[{"href":"https:\/\/revistazetta.com\/index.php?rest_route=\/wp\/v2\/posts\/20683","targetHints":{"allow":["GET"]}}],"collection":[{"href":"https:\/\/revistazetta.com\/index.php?rest_route=\/wp\/v2\/posts"}],"about":[{"href":"https:\/\/revistazetta.com\/index.php?rest_route=\/wp\/v2\/types\/post"}],"author":[{"embeddable":true,"href":"https:\/\/revistazetta.com\/index.php?rest_route=\/wp\/v2\/users\/3"}],"replies":[{"embeddable":true,"href":"https:\/\/revistazetta.com\/index.php?rest_route=%2Fwp%2Fv2%2Fcomments&post=20683"}],"version-history":[{"count":0,"href":"https:\/\/revistazetta.com\/index.php?rest_route=\/wp\/v2\/posts\/20683\/revisions"}],"wp:featuredmedia":[{"embeddable":true,"href":"https:\/\/revistazetta.com\/index.php?rest_route=\/wp\/v2\/media\/20685"}],"wp:attachment":[{"href":"https:\/\/revistazetta.com\/index.php?rest_route=%2Fwp%2Fv2%2Fmedia&parent=20683"}],"wp:term":[{"taxonomy":"category","embeddable":true,"href":"https:\/\/revistazetta.com\/index.php?rest_route=%2Fwp%2Fv2%2Fcategories&post=20683"},{"taxonomy":"post_tag","embeddable":true,"href":"https:\/\/revistazetta.com\/index.php?rest_route=%2Fwp%2Fv2%2Ftags&post=20683"}],"curies":[{"name":"wp","href":"https:\/\/api.w.org\/{rel}","templated":true}]}}