{"id":20687,"date":"2017-05-31T19:14:02","date_gmt":"2017-06-01T00:14:02","guid":{"rendered":"http:\/\/www.revistazetta.com\/?p=20687"},"modified":"2017-05-31T19:32:16","modified_gmt":"2017-06-01T00:32:16","slug":"oferta-institucional-la-alcaldia-arjona-llega-toda-la-comunidad","status":"publish","type":"post","link":"https:\/\/revistazetta.com\/?p=20687","title":{"rendered":"Oferta institucional de la Alcald\u00eda de Arjona llega a toda la comunidad"},"content":{"rendered":"<p><img loading=\"lazy\" decoding=\"async\" class=\"alignright size-medium wp-image-20696\" src=\"https:\/\/www.revistazetta.com\/wp-content\/uploads\/2017\/05\/IMG-20170525-WA0209-300x188.jpg\" alt=\"IMG-20170525-WA0209\" width=\"300\" height=\"188\" srcset=\"https:\/\/revistazetta.com\/wp-content\/uploads\/2017\/05\/IMG-20170525-WA0209-300x188.jpg 300w, https:\/\/revistazetta.com\/wp-content\/uploads\/2017\/05\/IMG-20170525-WA0209-234x146.jpg 234w, https:\/\/revistazetta.com\/wp-content\/uploads\/2017\/05\/IMG-20170525-WA0209-50x31.jpg 50w, https:\/\/revistazetta.com\/wp-content\/uploads\/2017\/05\/IMG-20170525-WA0209-120x75.jpg 120w, https:\/\/revistazetta.com\/wp-content\/uploads\/2017\/05\/IMG-20170525-WA0209.jpg 800w\" sizes=\"auto, (max-width: 300px) 100vw, 300px\" \/>Con un exitoso Consejo Comunal en los corregimientos de Puerto Badel y Rocha, la Alcald\u00eda de Arjona retoma con pie derecho estos ejercicios de descentralizaci\u00f3n, cuyo fin es tener una poblaci\u00f3n \u201cIncluyente y Solidaria\u201d. Junto a esta actividad, tambi\u00e9n contin\u00faa la Alcald\u00eda M\u00f3vil que acerca la Administraci\u00f3n Municipal a su gente tanto en el casco urbano como en la parte rural.<\/p>\n<p>La Alcald\u00eda M\u00f3vil se realiz\u00f3 en el corregimiento de Puerto Badel, donde los habitantes de esta poblaci\u00f3n\u00a0 accedieron a toda la oferta institucional, programas, secretar\u00edas de despacho, adem\u00e1s de empresas privadas, servicios p\u00fablicos, entre otras que se vincularon a este evento. Por otro lado, los habitantes del corregimiento de Rocha, acudieron al llamado que le hizo la administraci\u00f3n municipal, para participar en el\u00a0 Consejo comunal, el cual cont\u00f3 con la misma oferta institucional, adem\u00e1s de la presencia de la alcaldesa de Arjona Esther Mar\u00eda Jalilie Garc\u00eda y su equipo de gobierno, quienes escucharon atentos las necesidades y problem\u00e1ticas que presenta esta comunidad.<\/p>\n<p>\u201cEste Consejo Comunal es el primero que se hace en el 2017 y estamos muy contentos porque asistieron bastantes personas con quienes pudimos entablar un dialogo en el que se revisaron todos los temas que estamos trabajando con este corregimiento\u201d, manifest\u00f3 la alcaldesa Esther Mar\u00eda Jalilie Garc\u00eda. Igualmente, recalc\u00f3 que su administraci\u00f3n ha estado muy pendiente de esta poblaci\u00f3n, y que se continuar\u00e1 con temas de desarrollo con las asociaciones de campesinos y pescadores, en la que todos participan por el bienestar de la zona.<\/p>\n<p><img loading=\"lazy\" decoding=\"async\" class=\"alignright size-medium wp-image-20695\" src=\"https:\/\/www.revistazetta.com\/wp-content\/uploads\/2017\/05\/IMG-20170525-WA0195-300x188.jpg\" alt=\"IMG-20170525-WA0195\" width=\"300\" height=\"188\" srcset=\"https:\/\/revistazetta.com\/wp-content\/uploads\/2017\/05\/IMG-20170525-WA0195-300x188.jpg 300w, https:\/\/revistazetta.com\/wp-content\/uploads\/2017\/05\/IMG-20170525-WA0195-234x146.jpg 234w, https:\/\/revistazetta.com\/wp-content\/uploads\/2017\/05\/IMG-20170525-WA0195-50x31.jpg 50w, https:\/\/revistazetta.com\/wp-content\/uploads\/2017\/05\/IMG-20170525-WA0195-120x75.jpg 120w, https:\/\/revistazetta.com\/wp-content\/uploads\/2017\/05\/IMG-20170525-WA0195.jpg 800w\" sizes=\"auto, (max-width: 300px) 100vw, 300px\" \/>En el desarrollo de este encuentro, cada uno de los l\u00edderes comunitarios que intervinieron, hicieron uso de la palabra, dando a conocer las distintas problem\u00e1ticas que aquejan a esta comunidad.<\/p>\n<p>Jerson Simarra, habitante del corregimiento de Rocha, manifest\u00f3 \u201cMe pareci\u00f3 una reuni\u00f3n muy importante, porque hab\u00edan temas que no eran de conocimiento de la Alcald\u00eda y se dio claridad de ellos. Adem\u00e1s, esto nos sirve para conocer c\u00f3mo se trabaja, porque muchos de nosotros no reconocemos c\u00f3mo se dan los proyectos y c\u00f3mo podemos acceder a ellos\u201d, recalcando\u00a0 que como comunidad tiene las esperanzas puestas en la administraci\u00f3n y esperan que los compromisos que se adquirieron se cumplan.<\/p>\n<p>As\u00ed mismo, Esther Miranda tambi\u00e9n habitante del corregimiento de Rocha expres\u00f3 estar muy contenta y satisfecha por la presencia de la alcaldesa en su corregimiento. \u201cTen\u00edamos rato que no ve\u00edamos lo que trajo la administraci\u00f3n, fue bueno que la alcaldesa se haya trasladado aqu\u00ed, para que ella misma escuche los problemas que tenemos, esperamos que nos pueda dar soluci\u00f3n, llegar a un acuerdo y poder resolver entre todos nuestros problemas\u201d, dijo Miranda.<\/p>\n<p>Al final de la jornada, la administraci\u00f3n municipal de Arjona se llev\u00f3 los compromisos claros frente a la comunidad y los asistentes estuvieron contentos por la oportunidad que le dan de dar a conocer sus necesidades y poder tener una pronta soluci\u00f3n de las mismas.<\/p>\n<p>\u201cNos vamos bien, hemos disipado diferencias con respecto a temas que se deben trabajar, a temas activos a los que se deben hacer seguimiento y la comunidad particip\u00f3 muy activa en el seguimiento de los procesos que hay en Rocha y esperamos que as\u00ed sea siempre\u201d, expres\u00f3 Esther Mar\u00eda Jalilie.<\/p>\n<p><img loading=\"lazy\" decoding=\"async\" class=\"alignright size-medium wp-image-20694\" src=\"https:\/\/www.revistazetta.com\/wp-content\/uploads\/2017\/05\/IMG-20170525-WA0185-300x188.jpg\" alt=\"IMG-20170525-WA0185\" width=\"300\" height=\"188\" srcset=\"https:\/\/revistazetta.com\/wp-content\/uploads\/2017\/05\/IMG-20170525-WA0185-300x188.jpg 300w, https:\/\/revistazetta.com\/wp-content\/uploads\/2017\/05\/IMG-20170525-WA0185-234x146.jpg 234w, https:\/\/revistazetta.com\/wp-content\/uploads\/2017\/05\/IMG-20170525-WA0185-50x31.jpg 50w, https:\/\/revistazetta.com\/wp-content\/uploads\/2017\/05\/IMG-20170525-WA0185-120x75.jpg 120w, https:\/\/revistazetta.com\/wp-content\/uploads\/2017\/05\/IMG-20170525-WA0185.jpg 800w\" sizes=\"auto, (max-width: 300px) 100vw, 300px\" \/> <img loading=\"lazy\" decoding=\"async\" class=\"alignright size-medium wp-image-20697\" src=\"https:\/\/www.revistazetta.com\/wp-content\/uploads\/2017\/05\/IMG-20170527-WA0027-300x188.jpg\" alt=\"IMG-20170527-WA0027\" width=\"300\" height=\"188\" srcset=\"https:\/\/revistazetta.com\/wp-content\/uploads\/2017\/05\/IMG-20170527-WA0027-300x188.jpg 300w, https:\/\/revistazetta.com\/wp-content\/uploads\/2017\/05\/IMG-20170527-WA0027-234x146.jpg 234w, https:\/\/revistazetta.com\/wp-content\/uploads\/2017\/05\/IMG-20170527-WA0027-50x31.jpg 50w, https:\/\/revistazetta.com\/wp-content\/uploads\/2017\/05\/IMG-20170527-WA0027-120x75.jpg 120w, https:\/\/revistazetta.com\/wp-content\/uploads\/2017\/05\/IMG-20170527-WA0027.jpg 800w\" sizes=\"auto, (max-width: 300px) 100vw, 300px\" \/> <img loading=\"lazy\" decoding=\"async\" class=\"alignright size-medium wp-image-20698\" src=\"https:\/\/www.revistazetta.com\/wp-content\/uploads\/2017\/05\/IMG-20170527-WA0033-300x188.jpg\" alt=\"IMG-20170527-WA0033\" width=\"300\" height=\"188\" srcset=\"https:\/\/revistazetta.com\/wp-content\/uploads\/2017\/05\/IMG-20170527-WA0033-300x188.jpg 300w, https:\/\/revistazetta.com\/wp-content\/uploads\/2017\/05\/IMG-20170527-WA0033-234x146.jpg 234w, https:\/\/revistazetta.com\/wp-content\/uploads\/2017\/05\/IMG-20170527-WA0033-50x31.jpg 50w, https:\/\/revistazetta.com\/wp-content\/uploads\/2017\/05\/IMG-20170527-WA0033-120x75.jpg 120w, https:\/\/revistazetta.com\/wp-content\/uploads\/2017\/05\/IMG-20170527-WA0033.jpg 800w\" sizes=\"auto, (max-width: 300px) 100vw, 300px\" \/> <img loading=\"lazy\" decoding=\"async\" class=\"alignright size-medium wp-image-20699\" src=\"https:\/\/www.revistazetta.com\/wp-content\/uploads\/2017\/05\/IMG-20170527-WA0035-300x188.jpg\" alt=\"IMG-20170527-WA0035\" width=\"300\" height=\"188\" srcset=\"https:\/\/revistazetta.com\/wp-content\/uploads\/2017\/05\/IMG-20170527-WA0035-300x188.jpg 300w, https:\/\/revistazetta.com\/wp-content\/uploads\/2017\/05\/IMG-20170527-WA0035-234x146.jpg 234w, https:\/\/revistazetta.com\/wp-content\/uploads\/2017\/05\/IMG-20170527-WA0035-50x31.jpg 50w, https:\/\/revistazetta.com\/wp-content\/uploads\/2017\/05\/IMG-20170527-WA0035-120x75.jpg 120w, https:\/\/revistazetta.com\/wp-content\/uploads\/2017\/05\/IMG-20170527-WA0035.jpg 800w\" sizes=\"auto, (max-width: 300px) 100vw, 300px\" \/> <img loading=\"lazy\" decoding=\"async\" class=\"alignright size-medium wp-image-20693\" src=\"https:\/\/www.revistazetta.com\/wp-content\/uploads\/2017\/05\/IMG-20170525-WA0182-300x188.jpg\" alt=\"IMG-20170525-WA0182\" width=\"300\" height=\"188\" srcset=\"https:\/\/revistazetta.com\/wp-content\/uploads\/2017\/05\/IMG-20170525-WA0182-300x188.jpg 300w, https:\/\/revistazetta.com\/wp-content\/uploads\/2017\/05\/IMG-20170525-WA0182-234x146.jpg 234w, https:\/\/revistazetta.com\/wp-content\/uploads\/2017\/05\/IMG-20170525-WA0182-50x31.jpg 50w, https:\/\/revistazetta.com\/wp-content\/uploads\/2017\/05\/IMG-20170525-WA0182-120x75.jpg 120w, https:\/\/revistazetta.com\/wp-content\/uploads\/2017\/05\/IMG-20170525-WA0182.jpg 800w\" sizes=\"auto, (max-width: 300px) 100vw, 300px\" \/> <img loading=\"lazy\" decoding=\"async\" class=\"alignright size-medium wp-image-20692\" src=\"https:\/\/www.revistazetta.com\/wp-content\/uploads\/2017\/05\/IMG-20170525-WA0179-300x188.jpg\" alt=\"IMG-20170525-WA0179\" width=\"300\" height=\"188\" srcset=\"https:\/\/revistazetta.com\/wp-content\/uploads\/2017\/05\/IMG-20170525-WA0179-300x188.jpg 300w, https:\/\/revistazetta.com\/wp-content\/uploads\/2017\/05\/IMG-20170525-WA0179-234x146.jpg 234w, https:\/\/revistazetta.com\/wp-content\/uploads\/2017\/05\/IMG-20170525-WA0179-50x31.jpg 50w, https:\/\/revistazetta.com\/wp-content\/uploads\/2017\/05\/IMG-20170525-WA0179-120x75.jpg 120w, https:\/\/revistazetta.com\/wp-content\/uploads\/2017\/05\/IMG-20170525-WA0179.jpg 800w\" sizes=\"auto, (max-width: 300px) 100vw, 300px\" \/><\/p>\n","protected":false},"excerpt":{"rendered":"<p>Con un exitoso Consejo Comunal en los corregimientos de Puerto Badel y Rocha, la Alcald\u00eda de Arjona retoma con pie derecho estos ejercicios de descentralizaci\u00f3n, cuyo fin es tener una poblaci\u00f3n \u201cIncluyente y Solidaria\u201d. Junto a esta actividad, tambi\u00e9n contin\u00faa la Alcald\u00eda M\u00f3vil que acerca la Administraci\u00f3n Municipal a su gente tanto en el casco urbano como en la parte rural. La Alcald\u00eda M\u00f3vil se realiz\u00f3 en el corregimiento de Puerto Badel, donde los habitantes de esta poblaci\u00f3n\u00a0 accedieron a toda la oferta institucional, programas, secretar\u00edas de despacho, adem\u00e1s de&#8230; <\/p>\n","protected":false},"author":3,"featured_media":20690,"comment_status":"open","ping_status":"closed","sticky":false,"template":"","format":"standard","meta":{"footnotes":"","_links_to":"","_links_to_target":""},"categories":[80,75,83],"tags":[],"class_list":["post-20687","post","type-post","status-publish","format-standard","has-post-thumbnail","hentry","category-region","category-destacada","category-municipios"],"_links":{"self":[{"href":"https:\/\/revistazetta.com\/index.php?rest_route=\/wp\/v2\/posts\/20687","targetHints":{"allow":["GET"]}}],"collection":[{"href":"https:\/\/revistazetta.com\/index.php?rest_route=\/wp\/v2\/posts"}],"about":[{"href":"https:\/\/revistazetta.com\/index.php?rest_route=\/wp\/v2\/types\/post"}],"author":[{"embeddable":true,"href":"https:\/\/revistazetta.com\/index.php?rest_route=\/wp\/v2\/users\/3"}],"replies":[{"embeddable":true,"href":"https:\/\/revistazetta.com\/index.php?rest_route=%2Fwp%2Fv2%2Fcomments&post=20687"}],"version-history":[{"count":0,"href":"https:\/\/revistazetta.com\/index.php?rest_route=\/wp\/v2\/posts\/20687\/revisions"}],"wp:featuredmedia":[{"embeddable":true,"href":"https:\/\/revistazetta.com\/index.php?rest_route=\/wp\/v2\/media\/20690"}],"wp:attachment":[{"href":"https:\/\/revistazetta.com\/index.php?rest_route=%2Fwp%2Fv2%2Fmedia&parent=20687"}],"wp:term":[{"taxonomy":"category","embeddable":true,"href":"https:\/\/revistazetta.com\/index.php?rest_route=%2Fwp%2Fv2%2Fcategories&post=20687"},{"taxonomy":"post_tag","embeddable":true,"href":"https:\/\/revistazetta.com\/index.php?rest_route=%2Fwp%2Fv2%2Ftags&post=20687"}],"curies":[{"name":"wp","href":"https:\/\/api.w.org\/{rel}","templated":true}]}}