{"id":20688,"date":"2017-05-31T19:16:46","date_gmt":"2017-06-01T00:16:46","guid":{"rendered":"http:\/\/www.revistazetta.com\/?p=20688"},"modified":"2017-05-31T19:17:42","modified_gmt":"2017-06-01T00:17:42","slug":"dia-mundial-sin-tabaco-tomar-conciencia","status":"publish","type":"post","link":"https:\/\/revistazetta.com\/?p=20688","title":{"rendered":"D\u00eda Mundial sin Tabaco, para tomar conciencia"},"content":{"rendered":"<p>En desarrollo del Festival de Arte Universitario, que re\u00fane a los estudiantes de las diferentes instituciones de la Heroica, el departamento de salud de Cartagena conmemor\u00f3 el D\u00eda Mundial sin Tabaco.<\/p>\n<p>El evento se llev\u00f3 a cabo en el Camell\u00f3n de Los M\u00e1rtires, donde los estudiantes realizaron muestras art\u00edsticas para dar a entender a los j\u00f3venes universitarios lo perjudicial del tabaco, que en el 2016 afect\u00f3 a 4326 personas con enfermedades pulmonares en el distrito de Cartagena.<\/p>\n<p>El Dadis con su programa de Enfermedades Cr\u00f3nicas No Transmisibles adelanta acciones preventivas con el fin de evitar y posponer a temprana edad el consumo de tabaco y sus derivados.<\/p>\n<p>Auxiliadora Vergara, l\u00edder del programa de Enfermedades Cr\u00f3nicas No Transmisibles del Dadis, manifest\u00f3 que actualmente la edad de inicio de personas que empiezan a consumir tabaco oscila entre los 12 y 14 a\u00f1os.<\/p>\n<p>\u00abAunque la edad promedio de personas que padecen de c\u00e1ncer producido por el tabaco est\u00e1 entre los 40 a\u00f1os, el plan decenal de salud p\u00fablica busca desestimular el consumo de tabaco entre los j\u00f3venes desde los 12 a\u00f1os debido a que si empiezan a hacerlo desde ahora van a seguir haci\u00e9ndolo en una edad adulta\u00bb.<\/p>\n<p>En lo corrido del 2017 se ha recibido notificaci\u00f3n de 77 casos que presentan enfermedades producidas por el tabaco.<\/p>\n<p>Con el Instituto de Recreaci\u00f3n y Deporte de Cartagena se trabaja para crear en las personas un estilo de vida saludable y no dejarse ganar por algunos comportamientos perjudiciales como el consumo de tabaco y sus derivados.<\/p>\n","protected":false},"excerpt":{"rendered":"<p>En desarrollo del Festival de Arte Universitario, que re\u00fane a los estudiantes de las diferentes instituciones de la Heroica, el departamento de salud de Cartagena conmemor\u00f3 el D\u00eda Mundial sin Tabaco. El evento se llev\u00f3 a cabo en el Camell\u00f3n de Los M\u00e1rtires, donde los estudiantes realizaron muestras art\u00edsticas para dar a entender a los j\u00f3venes universitarios lo perjudicial del tabaco, que en el 2016 afect\u00f3 a 4326 personas con enfermedades pulmonares en el distrito de Cartagena. El Dadis con su programa de Enfermedades Cr\u00f3nicas No Transmisibles adelanta acciones preventivas&#8230; <\/p>\n","protected":false},"author":3,"featured_media":20689,"comment_status":"open","ping_status":"closed","sticky":false,"template":"","format":"standard","meta":{"footnotes":"","_links_to":"","_links_to_target":""},"categories":[32],"tags":[],"class_list":["post-20688","post","type-post","status-publish","format-standard","has-post-thumbnail","hentry","category-actualidad-distrito"],"_links":{"self":[{"href":"https:\/\/revistazetta.com\/index.php?rest_route=\/wp\/v2\/posts\/20688","targetHints":{"allow":["GET"]}}],"collection":[{"href":"https:\/\/revistazetta.com\/index.php?rest_route=\/wp\/v2\/posts"}],"about":[{"href":"https:\/\/revistazetta.com\/index.php?rest_route=\/wp\/v2\/types\/post"}],"author":[{"embeddable":true,"href":"https:\/\/revistazetta.com\/index.php?rest_route=\/wp\/v2\/users\/3"}],"replies":[{"embeddable":true,"href":"https:\/\/revistazetta.com\/index.php?rest_route=%2Fwp%2Fv2%2Fcomments&post=20688"}],"version-history":[{"count":0,"href":"https:\/\/revistazetta.com\/index.php?rest_route=\/wp\/v2\/posts\/20688\/revisions"}],"wp:featuredmedia":[{"embeddable":true,"href":"https:\/\/revistazetta.com\/index.php?rest_route=\/wp\/v2\/media\/20689"}],"wp:attachment":[{"href":"https:\/\/revistazetta.com\/index.php?rest_route=%2Fwp%2Fv2%2Fmedia&parent=20688"}],"wp:term":[{"taxonomy":"category","embeddable":true,"href":"https:\/\/revistazetta.com\/index.php?rest_route=%2Fwp%2Fv2%2Fcategories&post=20688"},{"taxonomy":"post_tag","embeddable":true,"href":"https:\/\/revistazetta.com\/index.php?rest_route=%2Fwp%2Fv2%2Ftags&post=20688"}],"curies":[{"name":"wp","href":"https:\/\/api.w.org\/{rel}","templated":true}]}}