{"id":20728,"date":"2017-06-02T07:45:48","date_gmt":"2017-06-02T12:45:48","guid":{"rendered":"http:\/\/www.revistazetta.com\/?p=20728"},"modified":"2017-06-02T07:45:48","modified_gmt":"2017-06-02T12:45:48","slug":"galeria-instalacion-sesiones-del-concejo","status":"publish","type":"post","link":"https:\/\/revistazetta.com\/?p=20728","title":{"rendered":"Galer\u00eda: Instalaci\u00f3n de sesiones del Concejo"},"content":{"rendered":"<p>El Concejo de Cartagena instal\u00f3 sus sesiones ordinarias correspondientes al bimestre junio-julio.<\/p>\n<div id=\"attachment_20729\" style=\"width: 310px\" class=\"wp-caption alignright\"><img loading=\"lazy\" decoding=\"async\" aria-describedby=\"caption-attachment-20729\" class=\"wp-image-20729 size-medium\" src=\"https:\/\/www.revistazetta.com\/wp-content\/uploads\/2017\/06\/Cuatro-concejales-300x188.jpg\" alt=\"Cuatro concejales\" width=\"300\" height=\"188\" srcset=\"https:\/\/revistazetta.com\/wp-content\/uploads\/2017\/06\/Cuatro-concejales-300x188.jpg 300w, https:\/\/revistazetta.com\/wp-content\/uploads\/2017\/06\/Cuatro-concejales-234x146.jpg 234w, https:\/\/revistazetta.com\/wp-content\/uploads\/2017\/06\/Cuatro-concejales-50x31.jpg 50w, https:\/\/revistazetta.com\/wp-content\/uploads\/2017\/06\/Cuatro-concejales-120x75.jpg 120w, https:\/\/revistazetta.com\/wp-content\/uploads\/2017\/06\/Cuatro-concejales.jpg 800w\" sizes=\"auto, (max-width: 300px) 100vw, 300px\" \/><p id=\"caption-attachment-20729\" class=\"wp-caption-text\">Conversaci\u00f3n de alto calibre entre Lewis Montero, Javier Curi, David D\u00e1ger y Erich Pi\u00f1a. Dicen que hubo movimientos tel\u00faricos&#8230;<\/p><\/div>\n<div id=\"attachment_20731\" style=\"width: 250px\" class=\"wp-caption alignright\"><img loading=\"lazy\" decoding=\"async\" aria-describedby=\"caption-attachment-20731\" class=\"wp-image-20731 size-medium\" src=\"https:\/\/www.revistazetta.com\/wp-content\/uploads\/2017\/06\/Nubia-Fontalvo-pa\u00f1oleta-1-240x300.jpg\" alt=\"Nubia Fontalvo pa\u00f1oleta 1\" width=\"240\" height=\"300\" srcset=\"https:\/\/revistazetta.com\/wp-content\/uploads\/2017\/06\/Nubia-Fontalvo-pa\u00f1oleta-1-240x300.jpg 240w, https:\/\/revistazetta.com\/wp-content\/uploads\/2017\/06\/Nubia-Fontalvo-pa\u00f1oleta-1-117x146.jpg 117w, https:\/\/revistazetta.com\/wp-content\/uploads\/2017\/06\/Nubia-Fontalvo-pa\u00f1oleta-1-40x50.jpg 40w, https:\/\/revistazetta.com\/wp-content\/uploads\/2017\/06\/Nubia-Fontalvo-pa\u00f1oleta-1-60x75.jpg 60w, https:\/\/revistazetta.com\/wp-content\/uploads\/2017\/06\/Nubia-Fontalvo-pa\u00f1oleta-1.jpg 400w\" sizes=\"auto, (max-width: 240px) 100vw, 240px\" \/><p id=\"caption-attachment-20731\" class=\"wp-caption-text\">Nubia Fontalvo, contralora distrital.<\/p><\/div>\n<div id=\"attachment_20733\" style=\"width: 250px\" class=\"wp-caption alignright\"><img loading=\"lazy\" decoding=\"async\" aria-describedby=\"caption-attachment-20733\" class=\"wp-image-20733 size-medium\" src=\"https:\/\/www.revistazetta.com\/wp-content\/uploads\/2017\/06\/Se\u00f1orita-Colombia-1-240x300.jpg\" alt=\"Se\u00f1orita Colombia 1\" width=\"240\" height=\"300\" srcset=\"https:\/\/revistazetta.com\/wp-content\/uploads\/2017\/06\/Se\u00f1orita-Colombia-1-240x300.jpg 240w, https:\/\/revistazetta.com\/wp-content\/uploads\/2017\/06\/Se\u00f1orita-Colombia-1-117x146.jpg 117w, https:\/\/revistazetta.com\/wp-content\/uploads\/2017\/06\/Se\u00f1orita-Colombia-1-40x50.jpg 40w, https:\/\/revistazetta.com\/wp-content\/uploads\/2017\/06\/Se\u00f1orita-Colombia-1-60x75.jpg 60w, https:\/\/revistazetta.com\/wp-content\/uploads\/2017\/06\/Se\u00f1orita-Colombia-1.jpg 400w\" sizes=\"auto, (max-width: 240px) 100vw, 240px\" \/><p id=\"caption-attachment-20733\" class=\"wp-caption-text\">Laura Gonz\u00e1lez, Se\u00f1orita Colombia 2017.<\/p><\/div>\n<div id=\"attachment_20732\" style=\"width: 250px\" class=\"wp-caption alignright\"><img loading=\"lazy\" decoding=\"async\" aria-describedby=\"caption-attachment-20732\" class=\"wp-image-20732 size-medium\" src=\"https:\/\/www.revistazetta.com\/wp-content\/uploads\/2017\/06\/Raimundo-angulo-senatado-240x300.jpg\" alt=\"Raimundo angulo senatado\" width=\"240\" height=\"300\" srcset=\"https:\/\/revistazetta.com\/wp-content\/uploads\/2017\/06\/Raimundo-angulo-senatado-240x300.jpg 240w, https:\/\/revistazetta.com\/wp-content\/uploads\/2017\/06\/Raimundo-angulo-senatado-117x146.jpg 117w, https:\/\/revistazetta.com\/wp-content\/uploads\/2017\/06\/Raimundo-angulo-senatado-40x50.jpg 40w, https:\/\/revistazetta.com\/wp-content\/uploads\/2017\/06\/Raimundo-angulo-senatado-60x75.jpg 60w, https:\/\/revistazetta.com\/wp-content\/uploads\/2017\/06\/Raimundo-angulo-senatado.jpg 400w\" sizes=\"auto, (max-width: 240px) 100vw, 240px\" \/><p id=\"caption-attachment-20732\" class=\"wp-caption-text\">Raimundo Angulo, zar CNB.<\/p><\/div>\n<div id=\"attachment_20745\" style=\"width: 198px\" class=\"wp-caption alignright\"><img loading=\"lazy\" decoding=\"async\" aria-describedby=\"caption-attachment-20745\" class=\"wp-image-20745 size-medium\" src=\"https:\/\/www.revistazetta.com\/wp-content\/uploads\/2017\/06\/DSC09653-188x300.jpg\" alt=\"DSC09653\" width=\"188\" height=\"300\" srcset=\"https:\/\/revistazetta.com\/wp-content\/uploads\/2017\/06\/DSC09653-188x300.jpg 188w, https:\/\/revistazetta.com\/wp-content\/uploads\/2017\/06\/DSC09653-91x146.jpg 91w, https:\/\/revistazetta.com\/wp-content\/uploads\/2017\/06\/DSC09653-31x50.jpg 31w, https:\/\/revistazetta.com\/wp-content\/uploads\/2017\/06\/DSC09653-47x75.jpg 47w, https:\/\/revistazetta.com\/wp-content\/uploads\/2017\/06\/DSC09653.jpg 500w\" sizes=\"auto, (max-width: 188px) 100vw, 188px\" \/><p id=\"caption-attachment-20745\" class=\"wp-caption-text\">Lewis Montero y Sergio Londo\u00f1o, abrazo de presidente de Concejo a alcalde encargado.<\/p><\/div>\n<div id=\"attachment_20739\" style=\"width: 310px\" class=\"wp-caption alignright\"><img loading=\"lazy\" decoding=\"async\" aria-describedby=\"caption-attachment-20739\" class=\"wp-image-20739 size-medium\" src=\"https:\/\/www.revistazetta.com\/wp-content\/uploads\/2017\/06\/DSC09523-300x188.jpg\" alt=\"DSC09523\" width=\"300\" height=\"188\" srcset=\"https:\/\/revistazetta.com\/wp-content\/uploads\/2017\/06\/DSC09523-300x188.jpg 300w, https:\/\/revistazetta.com\/wp-content\/uploads\/2017\/06\/DSC09523-234x146.jpg 234w, https:\/\/revistazetta.com\/wp-content\/uploads\/2017\/06\/DSC09523-50x31.jpg 50w, https:\/\/revistazetta.com\/wp-content\/uploads\/2017\/06\/DSC09523-120x75.jpg 120w, https:\/\/revistazetta.com\/wp-content\/uploads\/2017\/06\/DSC09523.jpg 800w\" sizes=\"auto, (max-width: 300px) 100vw, 300px\" \/><p id=\"caption-attachment-20739\" class=\"wp-caption-text\">El nuevo concejal Wilson Toncel saluda al alcalde encargado Sergio Londo\u00f1o.<\/p><\/div>\n<div id=\"attachment_20738\" style=\"width: 310px\" class=\"wp-caption alignright\"><img loading=\"lazy\" decoding=\"async\" aria-describedby=\"caption-attachment-20738\" class=\"wp-image-20738 size-medium\" src=\"https:\/\/www.revistazetta.com\/wp-content\/uploads\/2017\/06\/DSC09499-300x188.jpg\" alt=\"DSC09499\" width=\"300\" height=\"188\" srcset=\"https:\/\/revistazetta.com\/wp-content\/uploads\/2017\/06\/DSC09499-300x188.jpg 300w, https:\/\/revistazetta.com\/wp-content\/uploads\/2017\/06\/DSC09499-234x146.jpg 234w, https:\/\/revistazetta.com\/wp-content\/uploads\/2017\/06\/DSC09499-50x31.jpg 50w, https:\/\/revistazetta.com\/wp-content\/uploads\/2017\/06\/DSC09499-120x75.jpg 120w, https:\/\/revistazetta.com\/wp-content\/uploads\/2017\/06\/DSC09499.jpg 800w\" sizes=\"auto, (max-width: 300px) 100vw, 300px\" \/><p id=\"caption-attachment-20738\" class=\"wp-caption-text\">Ang\u00e9lica Hodeg, Wilson Toncel, Vicente Blel, Antonio Salim Guerra.<\/p><\/div>\n<div id=\"attachment_20737\" style=\"width: 310px\" class=\"wp-caption alignright\"><img loading=\"lazy\" decoding=\"async\" aria-describedby=\"caption-attachment-20737\" class=\"wp-image-20737 size-medium\" src=\"https:\/\/www.revistazetta.com\/wp-content\/uploads\/2017\/06\/DSC09488-300x188.jpg\" alt=\"DSC09488\" width=\"300\" height=\"188\" srcset=\"https:\/\/revistazetta.com\/wp-content\/uploads\/2017\/06\/DSC09488-300x188.jpg 300w, https:\/\/revistazetta.com\/wp-content\/uploads\/2017\/06\/DSC09488-234x146.jpg 234w, https:\/\/revistazetta.com\/wp-content\/uploads\/2017\/06\/DSC09488-50x31.jpg 50w, https:\/\/revistazetta.com\/wp-content\/uploads\/2017\/06\/DSC09488-120x75.jpg 120w, https:\/\/revistazetta.com\/wp-content\/uploads\/2017\/06\/DSC09488.jpg 800w\" sizes=\"auto, (max-width: 300px) 100vw, 300px\" \/><p id=\"caption-attachment-20737\" class=\"wp-caption-text\">Rafael Meza, Jorge Useche, Edgar Mendoza, Erich Pi\u00f1a, David D\u00e1ger, Javier Curi.<\/p><\/div>\n<div id=\"attachment_20736\" style=\"width: 310px\" class=\"wp-caption alignright\"><img loading=\"lazy\" decoding=\"async\" aria-describedby=\"caption-attachment-20736\" class=\"wp-image-20736 size-medium\" src=\"https:\/\/www.revistazetta.com\/wp-content\/uploads\/2017\/06\/DSC09451-300x188.jpg\" alt=\"DSC09451\" width=\"300\" height=\"188\" srcset=\"https:\/\/revistazetta.com\/wp-content\/uploads\/2017\/06\/DSC09451-300x188.jpg 300w, https:\/\/revistazetta.com\/wp-content\/uploads\/2017\/06\/DSC09451-234x146.jpg 234w, https:\/\/revistazetta.com\/wp-content\/uploads\/2017\/06\/DSC09451-50x31.jpg 50w, https:\/\/revistazetta.com\/wp-content\/uploads\/2017\/06\/DSC09451-120x75.jpg 120w, https:\/\/revistazetta.com\/wp-content\/uploads\/2017\/06\/DSC09451.jpg 800w\" sizes=\"auto, (max-width: 300px) 100vw, 300px\" \/><p id=\"caption-attachment-20736\" class=\"wp-caption-text\">Jorge Useche, Edgar Mendoza, Erich Pi\u00f1a, David D\u00e1ger, Javier Curi.<\/p><\/div>\n<p><img loading=\"lazy\" decoding=\"async\" class=\"alignright size-medium wp-image-20744\" src=\"https:\/\/www.revistazetta.com\/wp-content\/uploads\/2017\/06\/DSC09633-300x188.jpg\" alt=\"DSC09633\" width=\"300\" height=\"188\" srcset=\"https:\/\/revistazetta.com\/wp-content\/uploads\/2017\/06\/DSC09633-300x188.jpg 300w, https:\/\/revistazetta.com\/wp-content\/uploads\/2017\/06\/DSC09633-234x146.jpg 234w, https:\/\/revistazetta.com\/wp-content\/uploads\/2017\/06\/DSC09633-50x31.jpg 50w, https:\/\/revistazetta.com\/wp-content\/uploads\/2017\/06\/DSC09633-120x75.jpg 120w, https:\/\/revistazetta.com\/wp-content\/uploads\/2017\/06\/DSC09633.jpg 800w\" sizes=\"auto, (max-width: 300px) 100vw, 300px\" \/> <img loading=\"lazy\" decoding=\"async\" class=\"alignright size-medium wp-image-20743\" src=\"https:\/\/www.revistazetta.com\/wp-content\/uploads\/2017\/06\/DSC09617-300x188.jpg\" alt=\"DSC09617\" width=\"300\" height=\"188\" srcset=\"https:\/\/revistazetta.com\/wp-content\/uploads\/2017\/06\/DSC09617-300x188.jpg 300w, https:\/\/revistazetta.com\/wp-content\/uploads\/2017\/06\/DSC09617-234x146.jpg 234w, https:\/\/revistazetta.com\/wp-content\/uploads\/2017\/06\/DSC09617-50x31.jpg 50w, https:\/\/revistazetta.com\/wp-content\/uploads\/2017\/06\/DSC09617-120x75.jpg 120w, https:\/\/revistazetta.com\/wp-content\/uploads\/2017\/06\/DSC09617.jpg 800w\" sizes=\"auto, (max-width: 300px) 100vw, 300px\" \/> <img loading=\"lazy\" decoding=\"async\" class=\"alignright size-medium wp-image-20742\" src=\"https:\/\/www.revistazetta.com\/wp-content\/uploads\/2017\/06\/DSC09594-300x188.jpg\" alt=\"DSC09594\" width=\"300\" height=\"188\" srcset=\"https:\/\/revistazetta.com\/wp-content\/uploads\/2017\/06\/DSC09594-300x188.jpg 300w, https:\/\/revistazetta.com\/wp-content\/uploads\/2017\/06\/DSC09594-234x146.jpg 234w, https:\/\/revistazetta.com\/wp-content\/uploads\/2017\/06\/DSC09594-50x31.jpg 50w, https:\/\/revistazetta.com\/wp-content\/uploads\/2017\/06\/DSC09594-120x75.jpg 120w, https:\/\/revistazetta.com\/wp-content\/uploads\/2017\/06\/DSC09594.jpg 800w\" sizes=\"auto, (max-width: 300px) 100vw, 300px\" \/> <img loading=\"lazy\" decoding=\"async\" class=\"alignright size-medium wp-image-20741\" src=\"https:\/\/www.revistazetta.com\/wp-content\/uploads\/2017\/06\/DSC09583-300x188.jpg\" alt=\"DSC09583\" width=\"300\" height=\"188\" srcset=\"https:\/\/revistazetta.com\/wp-content\/uploads\/2017\/06\/DSC09583-300x188.jpg 300w, https:\/\/revistazetta.com\/wp-content\/uploads\/2017\/06\/DSC09583-234x146.jpg 234w, https:\/\/revistazetta.com\/wp-content\/uploads\/2017\/06\/DSC09583-50x31.jpg 50w, https:\/\/revistazetta.com\/wp-content\/uploads\/2017\/06\/DSC09583-120x75.jpg 120w, https:\/\/revistazetta.com\/wp-content\/uploads\/2017\/06\/DSC09583.jpg 800w\" sizes=\"auto, (max-width: 300px) 100vw, 300px\" \/> <img loading=\"lazy\" decoding=\"async\" class=\"alignright size-medium wp-image-20735\" src=\"https:\/\/www.revistazetta.com\/wp-content\/uploads\/2017\/06\/Sergio-Londo\u00f1o-y-Luz-Estela-300x188.jpg\" alt=\"Sergio Londo\u00f1o y Luz Estela\" width=\"300\" height=\"188\" srcset=\"https:\/\/revistazetta.com\/wp-content\/uploads\/2017\/06\/Sergio-Londo\u00f1o-y-Luz-Estela-300x188.jpg 300w, https:\/\/revistazetta.com\/wp-content\/uploads\/2017\/06\/Sergio-Londo\u00f1o-y-Luz-Estela-234x146.jpg 234w, https:\/\/revistazetta.com\/wp-content\/uploads\/2017\/06\/Sergio-Londo\u00f1o-y-Luz-Estela-50x31.jpg 50w, https:\/\/revistazetta.com\/wp-content\/uploads\/2017\/06\/Sergio-Londo\u00f1o-y-Luz-Estela-120x75.jpg 120w, https:\/\/revistazetta.com\/wp-content\/uploads\/2017\/06\/Sergio-Londo\u00f1o-y-Luz-Estela.jpg 800w\" sizes=\"auto, (max-width: 300px) 100vw, 300px\" \/> <img loading=\"lazy\" decoding=\"async\" class=\"alignright size-medium wp-image-20734\" src=\"https:\/\/www.revistazetta.com\/wp-content\/uploads\/2017\/06\/Sergio-Londo\u00f1o-y-Lewis-Montero-300x188.jpg\" alt=\"Sergio Londo\u00f1o y Lewis Montero\" width=\"300\" height=\"188\" srcset=\"https:\/\/revistazetta.com\/wp-content\/uploads\/2017\/06\/Sergio-Londo\u00f1o-y-Lewis-Montero-300x188.jpg 300w, https:\/\/revistazetta.com\/wp-content\/uploads\/2017\/06\/Sergio-Londo\u00f1o-y-Lewis-Montero-234x146.jpg 234w, https:\/\/revistazetta.com\/wp-content\/uploads\/2017\/06\/Sergio-Londo\u00f1o-y-Lewis-Montero-50x31.jpg 50w, https:\/\/revistazetta.com\/wp-content\/uploads\/2017\/06\/Sergio-Londo\u00f1o-y-Lewis-Montero-120x75.jpg 120w, https:\/\/revistazetta.com\/wp-content\/uploads\/2017\/06\/Sergio-Londo\u00f1o-y-Lewis-Montero.jpg 800w\" sizes=\"auto, (max-width: 300px) 100vw, 300px\" \/><\/p>\n","protected":false},"excerpt":{"rendered":"<p>El Concejo de Cartagena instal\u00f3 sus sesiones ordinarias correspondientes al bimestre junio-julio.<\/p>\n","protected":false},"author":3,"featured_media":20729,"comment_status":"open","ping_status":"closed","sticky":false,"template":"","format":"standard","meta":{"footnotes":"","_links_to":"","_links_to_target":""},"categories":[92],"tags":[],"class_list":["post-20728","post","type-post","status-publish","format-standard","has-post-thumbnail","hentry","category-galeria"],"_links":{"self":[{"href":"https:\/\/revistazetta.com\/index.php?rest_route=\/wp\/v2\/posts\/20728","targetHints":{"allow":["GET"]}}],"collection":[{"href":"https:\/\/revistazetta.com\/index.php?rest_route=\/wp\/v2\/posts"}],"about":[{"href":"https:\/\/revistazetta.com\/index.php?rest_route=\/wp\/v2\/types\/post"}],"author":[{"embeddable":true,"href":"https:\/\/revistazetta.com\/index.php?rest_route=\/wp\/v2\/users\/3"}],"replies":[{"embeddable":true,"href":"https:\/\/revistazetta.com\/index.php?rest_route=%2Fwp%2Fv2%2Fcomments&post=20728"}],"version-history":[{"count":0,"href":"https:\/\/revistazetta.com\/index.php?rest_route=\/wp\/v2\/posts\/20728\/revisions"}],"wp:featuredmedia":[{"embeddable":true,"href":"https:\/\/revistazetta.com\/index.php?rest_route=\/wp\/v2\/media\/20729"}],"wp:attachment":[{"href":"https:\/\/revistazetta.com\/index.php?rest_route=%2Fwp%2Fv2%2Fmedia&parent=20728"}],"wp:term":[{"taxonomy":"category","embeddable":true,"href":"https:\/\/revistazetta.com\/index.php?rest_route=%2Fwp%2Fv2%2Fcategories&post=20728"},{"taxonomy":"post_tag","embeddable":true,"href":"https:\/\/revistazetta.com\/index.php?rest_route=%2Fwp%2Fv2%2Ftags&post=20728"}],"curies":[{"name":"wp","href":"https:\/\/api.w.org\/{rel}","templated":true}]}}