{"id":20769,"date":"2017-06-04T20:27:23","date_gmt":"2017-06-05T01:27:23","guid":{"rendered":"http:\/\/www.revistazetta.com\/?p=20769"},"modified":"2017-06-05T07:21:12","modified_gmt":"2017-06-05T12:21:12","slug":"liberan-basuras-la-marginal-san-lazaro","status":"publish","type":"post","link":"https:\/\/revistazetta.com\/?p=20769","title":{"rendered":"Liberan de basuras a la marginal de San L\u00e1zaro"},"content":{"rendered":"<p>Por petici\u00f3n de la comunidad del barrio Manga, la Oficina de Servicios P\u00fablicos, en conjunto con la empresa de Aseo, Promoambiental S.A. realizaron una jornada de limpieza integral que incluy\u00f3 recolecci\u00f3n de basuras, barridos y recuperaci\u00f3n de puntos cr\u00edticos en todo el trayecto de la Marginal de San L\u00e1zaro, v\u00eda que comunica la calle 30 con la Avenida de Lago.<\/p>\n<p>En la jornada participaron 30 operarios, cinco (5) supervisores y funcionarios de la Oficina de Servicios P\u00fablicos, quienes socializaron a los pescadores, lancheros, vecinos y comerciantes de la zona como cuidar y mantener limpio sus espacios p\u00fablicos.<\/p>\n<p>La directora encargada de la Oficina de Servicios P\u00fablicos, Clara Calder\u00f3n, asegur\u00f3 que \u201cdesde el Distrito trabajamos todos los d\u00edas por mantener limpio y en buen estado todos los espacios p\u00fablicos en los barrios, Islas y corregimientos de Cartagena. Atendemos el llamado de las comunidades y les cumplimos. El compromiso tambi\u00e9n es de los ciudadanos en no permitir la contaminaci\u00f3n y basureros sat\u00e9lites\u201d.<\/p>\n<p>A esta actividad ambiental fueron invitados los estudiantes del Colegio Miguel Fern\u00e1ndez Guti\u00e9rrez de Pi\u00f1eres, a quienes se les explic\u00f3 sobre el buen manejo de los residuos s\u00f3lidos y pr\u00e1cticas amigables con el ambiente.<\/p>\n<p>\u201cNuestro compromiso tambi\u00e9n es educar a los ni\u00f1os, ni\u00f1as y adolescentes de Cartagena y que aprendan la importancia de conservar el planeta, cuidar el ambiente y hacer buen uso de los materiales reciclables\u201d, asegur\u00f3, Clara Calder\u00f3n.<\/p>\n<p>Valentina Montes, estudiante del Colegio Miguel Fern\u00e1ndez Guti\u00e9rrez de Pi\u00f1eres expres\u00f3 que \u201cla actividad le pareci\u00f3 bastante interesante, porque nos tuvieron en cuenta para conservar al ambiente y mejorar el aspecto de estos espacios que embellecen a nuestra ciudad\u201d.<\/p>\n<p>Las jornadas de limpieza hacen parte del programa \u201cCartagena Limpia\u201d del gobierno de Primero la Gente, y busca recuperar todos los puntos cr\u00edticos de La Heroica.<\/p>\n","protected":false},"excerpt":{"rendered":"<p>Por petici\u00f3n de la comunidad del barrio Manga, la Oficina de Servicios P\u00fablicos, en conjunto con la empresa de Aseo, Promoambiental S.A. realizaron una jornada de limpieza integral que incluy\u00f3 recolecci\u00f3n de basuras, barridos y recuperaci\u00f3n de puntos cr\u00edticos en todo el trayecto de la Marginal de San L\u00e1zaro, v\u00eda que comunica la calle 30 con la Avenida de Lago. En la jornada participaron 30 operarios, cinco (5) supervisores y funcionarios de la Oficina de Servicios P\u00fablicos, quienes socializaron a los pescadores, lancheros, vecinos y comerciantes de la zona como&#8230; <\/p>\n","protected":false},"author":3,"featured_media":20779,"comment_status":"open","ping_status":"closed","sticky":false,"template":"","format":"standard","meta":{"footnotes":"","_links_to":"","_links_to_target":""},"categories":[3,75],"tags":[],"class_list":["post-20769","post","type-post","status-publish","format-standard","has-post-thumbnail","hentry","category-ciudad","category-destacada"],"_links":{"self":[{"href":"https:\/\/revistazetta.com\/index.php?rest_route=\/wp\/v2\/posts\/20769","targetHints":{"allow":["GET"]}}],"collection":[{"href":"https:\/\/revistazetta.com\/index.php?rest_route=\/wp\/v2\/posts"}],"about":[{"href":"https:\/\/revistazetta.com\/index.php?rest_route=\/wp\/v2\/types\/post"}],"author":[{"embeddable":true,"href":"https:\/\/revistazetta.com\/index.php?rest_route=\/wp\/v2\/users\/3"}],"replies":[{"embeddable":true,"href":"https:\/\/revistazetta.com\/index.php?rest_route=%2Fwp%2Fv2%2Fcomments&post=20769"}],"version-history":[{"count":0,"href":"https:\/\/revistazetta.com\/index.php?rest_route=\/wp\/v2\/posts\/20769\/revisions"}],"wp:featuredmedia":[{"embeddable":true,"href":"https:\/\/revistazetta.com\/index.php?rest_route=\/wp\/v2\/media\/20779"}],"wp:attachment":[{"href":"https:\/\/revistazetta.com\/index.php?rest_route=%2Fwp%2Fv2%2Fmedia&parent=20769"}],"wp:term":[{"taxonomy":"category","embeddable":true,"href":"https:\/\/revistazetta.com\/index.php?rest_route=%2Fwp%2Fv2%2Fcategories&post=20769"},{"taxonomy":"post_tag","embeddable":true,"href":"https:\/\/revistazetta.com\/index.php?rest_route=%2Fwp%2Fv2%2Ftags&post=20769"}],"curies":[{"name":"wp","href":"https:\/\/api.w.org\/{rel}","templated":true}]}}