{"id":20824,"date":"2017-06-08T16:21:39","date_gmt":"2017-06-08T21:21:39","guid":{"rendered":"http:\/\/www.revistazetta.com\/?p=20824"},"modified":"2017-06-08T22:12:50","modified_gmt":"2017-06-09T03:12:50","slug":"concejal-pion-advierte-al-distrito-posible-detrimento","status":"publish","type":"post","link":"https:\/\/revistazetta.com\/?p=20824","title":{"rendered":"Concejal Pi\u00f3n advierte al Distrito sobre posible detrimento"},"content":{"rendered":"<p>Un llamado de atenci\u00f3n a la Administraci\u00f3n Distrital hizo el concejal C\u00e9sar Pi\u00f3n Gonz\u00e1lez para que se adelanten las concertaciones sobre los reajustes al contrato suscrito con el Concesionario Alumbrado P\u00fablico de Cartagena y se evite un posible detrimento.<\/p>\n<p>\u201cDe acuerdo con un concepto de la Contralor\u00eda, fechado el pasado 29 de diciembre de 2016 al suspendido alcalde, Manuel Vicente Duque, se advierte en la p\u00e1gina 10 que eventualmente y con base en el flujo no pactado, no modificado, jur\u00eddicamente hablando el concesionario podr\u00eda alegar\u00a0 un desequilibrio financiero con la consiguiente posibilidad de una demanda. Por eso advierto que se debe acordar un reajuste porque el \u00cdndice de Precios al Consumidor IPC est\u00e1 por encima del 18,5 y cuando en el 2015 se acord\u00f3 era de 6.77%\u201d, dijo.<\/p>\n<p>Pi\u00f3n Gonz\u00e1lez pidi\u00f3 al alcalde (e), Sergio Londo\u00f1o, explique a la ciudad si conoce del tema y sino que se ponga al frente para evitar un detrimento, en caso de que haya una demanda.<\/p>\n<p>El anterior fue uno de los temas tratados en la sesi\u00f3n de hoy, donde se presentaron varias proposiciones para realizar debates en el segundo periodo de sesiones.<\/p>\n<p>&nbsp;<\/p>\n<p><strong>Citaci\u00f3n a Secretaria de Educaci\u00f3n \u00a0<\/strong><\/p>\n<p>Al concejal conservador Rafael Meza P\u00e9rez le aprobaron una proposici\u00f3n donde cita a la encargada de la Secretar\u00eda de Educaci\u00f3n, Lesbia Bele\u00f1o, para que informe por qu\u00e9 a la fecha no se la ha dado cumplimiento a lo establecido en la Ley 115 de 1994 en lo concerniente a la realizaci\u00f3n de foros educativos municipales.<\/p>\n<p>\u201cCon este debate buscamos hacer un aporte a la educaci\u00f3n en Cartagena y lograr que se corrijan deficiencias, especialmente en el tema de infraestructura, calidad y capacidad docente\u201d, dijo al tiempo que agreg\u00f3 que se invitar\u00e1 a los directivos del Sindicato \u00danico de Educadores (Sudeb).<\/p>\n<p>\u201cLa administraci\u00f3n viola esa ley y el C\u00f3digo \u00danico Disciplinario. El alcalde Manolo se rode\u00f3 mal por el nombramiento se Germ\u00e1n Sierra, quien abandon\u00f3 el barco\u201d, dijo Meza.<\/p>\n<p>&nbsp;<\/p>\n<p><strong>Exclusi\u00f3n Social<\/strong><\/p>\n<p>Seguidamente, el concejal William P\u00e9rez present\u00f3 una proposici\u00f3n que fue aprobada por todos los cabildantes, para realizar un debate sobre la exclusi\u00f3n social, tomando como base un estudio realizado por el economista\u00a0Jorland\u00a0Ayala, un joven que estudi\u00f3 becado en la Universidad Tecnol\u00f3gica de Bol\u00edvar.<\/p>\n<p>\u201cPido que se invite en este mes de junio al economista e investigador cartagenero\u00a0Jorland\u00a0Ayala y al director Regional del Banco de la Rep\u00fablica, Jaime Bonnet, para que expongan los alcances del trabajo: \u2018La exclusi\u00f3n en tiempos de auge\u2019. Esta invitaci\u00f3n debe realizarse \u00a0en el mes de junio porque el investigador citado obtuvo una beca doctoral en los Estados Unidos y deber\u00e1 partir\u00a0hac\u00eda\u00a0ese pa\u00eds a inicios de julio pr\u00f3ximo\u201d, indic\u00f3.<\/p>\n<p>De la misma forma, pidi\u00f3 sean invitados al debate los decanos de las facultades de ciencias econ\u00f3micas de las Universidades de Cartagena y Tecnol\u00f3gica de Bol\u00edvar, a fin de que expongan sus puntos de vista sobre las problem\u00e1ticas de pobreza y exclusi\u00f3n social en Cartagena y posibles medidas a tomar.<\/p>\n<p>Tambi\u00e9n se citan al director del PES, Enlace Distrital de Familias en Acci\u00f3n. Alcalde Local del Caribe e Hist\u00f3rico, Alcalde\u00a0Local De la Virgen y Tur\u00edstica, Alcalde Local Industrial y de la Bah\u00eda, miembros de organizaciones comunales que deseen asistir.<\/p>\n<p>El concejal Javier Curi, intervino solicitando que se le d\u00e9 una fecha a este debate para que se muestren los avances de los estudios de pobreza en la ciudad.\u00a0 Seguidamente, Am\u00e9rico Mendoza que se incluya a Aar\u00f3n Espinosa, quien realiz\u00f3 un estudio de la pobreza en la zona rural de la ciudad. Igualmente, el concejal Vicente Blel pidi\u00f3 se adicionara una invitaci\u00f3n al investigador, Adolfo Meisel y Javier Curi pidi\u00f3 se invitara a los directivos del Departamento Nacional de Planeaci\u00f3n (DPS).<\/p>\n<p>&nbsp;<\/p>\n<p><strong>Debate a Control Urbano<\/strong><\/p>\n<p>El concejal Am\u00e9rico Mendoza Quessep propuso la realizaci\u00f3n de un debate sobre el tema de Control Urbano al que se citar\u00e1n los inspectores de Polic\u00eda, Curadores Urbanos, Secretario de Planeaci\u00f3n, de Control urbano, Instituto de Patrimonio y Cultura, Personero, Secretario del Interior y un delegado del Ministerio de Cultura.<\/p>\n<p>\u201cLo que queremos saber es cu\u00e1ntas licencias de construcci\u00f3n han expedido las curadur\u00edas entre el 2016 y 2017, con pisos, parqueaderos para determinar si cumplen las leyes. La idea es que todos los funcionarios den a conocer a la corporaci\u00f3n y a la ciudad cu\u00e1l es su accionar, dijo.<\/p>\n<p><strong>\u00a0<\/strong><\/p>\n<p><strong>Invasiones en Cartagena<\/strong><\/p>\n<p>El concejal Vicente Blel dio a conocer su preocupaci\u00f3n sobre el incremento de las invasiones en la Zona Norte, espec\u00edficamente en el sector donde se construye el viaducto Gran Manglar, que une a Cartagena con Barranquilla.<\/p>\n<p>\u201cLa proposici\u00f3n que presenta la bancada de Cambio Radical es con relaci\u00f3n a la invasiones de la Zona Norte en momentos que se construye el viaducto. Han venido invadiendo y creo que el Concejo debe debatir ese tema para analizar cu\u00e1l es el papel de las autoridades. Esto antes de que estalle esa bomba\u201d, dijo.<\/p>\n<p>El concejal Javier Curi intervino advirtiendo que las invasiones comenzaron a aumentar despu\u00e9s de 1998 cuando solo hab\u00eda 15 familias en la zona, y que por orden judicial fueron reubicadas.<\/p>\n<p>Por su parte, el concejal Jorge Useche pidi\u00f3 revisar el tema m\u00e1s a fondo porque la cuidad ha crecido desordenadamente, a punta de \u00a0invasiones.\u00a0\u201cAprovechemos para proponer una soluci\u00f3n que comience a cambiar el sentido a este tipo de problemas\u00a0que hacen que la ciudad no avance\u201d, dijo.<\/p>\n<p>Entre tanto, el presidente del Concejo, Lewis Montero Polo, del partido Opci\u00f3n Ciudadana, recalc\u00f3 que en toda la ciudad existen invasiones ilegales, y hay diversos fallos judiciales que cumplan con restituciones y desalojos, pero ninguno se cumple. \u201cEs triste, pero ante la vista de todos las invasiones se iniciaron en la Zona Norte, y no ha pasado nada\u201d, dijo.<\/p>\n<p>Sobre el mismo tema, el concejal Rodrigo Reyes agreg\u00f3 que las invasiones son una problem\u00e1tica que por ahora no va a parar, pues hay inversionistas que mandan a invadir porque hay intereses grandes. \u201cYa hay casas con piscinas en la Zona Norte, entre el manglar al lado de la V\u00eda al Mar\u201d.<\/p>\n<p>Reyes se refiri\u00f3 al fallo que obliga a sacar a los habitantes de Marlinda, en La Boquilla, terminar\u00e1 en un caos. \u201cCuando fui alcalde local me sacaron corriendo de Tierrabaja y La Perimetral cuando \u00edbamos a adelantar procesos de desalojos.\u00a0 Concejal Blel cuente conmigo\u201d, indic\u00f3.<\/p>\n<p>As\u00ed mismo, Am\u00e9rico Mendoza dijo que los Inspectores de Polic\u00eda son permisivos y cualquiera invade donde quiere. \u201cSi no hay garant\u00edas para recuperar tierras\u00a0 aqu\u00ed reina la ingobernabilidad\u201d.<\/p>\n<p>De igual forma, la concejal de Cartagena Con Firma, Judith D\u00edaz, \u00a0se uni\u00f3 a la proposici\u00f3n de concejal Blel y asegur\u00f3 que el real problema se va a presentar cuando la construcci\u00f3n del viaducto llegue a las zonas invadidas.<\/p>\n<p>El concejal David Dager indic\u00f3 que \u00a0es f\u00e1cil tocar ese tema, cuando \u00a0toda la ciudad, incluyendo los cuerpos de agua han sido invadidos.\u00a0 \u201cFrente a La Boquilla en la V\u00eda al Mar \u00a0ya hay pesebreras, dentro del mangle y fincas. Si el Estado ha sido incapaz, \u00bfqu\u00e9 puede\u00a0 hacer un inspector con una m\u00e1quina de escribir vieja y una secretaria?, nada.\u00a0 Aqu\u00ed invaden negros, blancos, azules, venezolanos y todo el que le d\u00e9 la gana porque tienen derecho a una vivienda y despu\u00e9s el Estado les regala una\u201d.<\/p>\n<p>Por \u00faltimo, el concejal Rafael Meza, denunci\u00f3 que ante la vista gorda de la Polic\u00eda desde hace a\u00f1os particulares vienen invadiendo la zona aleda\u00f1a a Chambac\u00fa, y no pasa nada.<\/p>\n<p>&nbsp;<\/p>\n<p>&nbsp;<\/p>\n","protected":false},"excerpt":{"rendered":"<p>Un llamado de atenci\u00f3n a la Administraci\u00f3n Distrital hizo el concejal C\u00e9sar Pi\u00f3n Gonz\u00e1lez para que se adelanten las concertaciones sobre los reajustes al contrato suscrito con el Concesionario Alumbrado P\u00fablico de Cartagena y se evite un posible detrimento. \u201cDe acuerdo con un concepto de la Contralor\u00eda, fechado el pasado 29 de diciembre de 2016 al suspendido alcalde, Manuel Vicente Duque, se advierte en la p\u00e1gina 10 que eventualmente y con base en el flujo no pactado, no modificado, jur\u00eddicamente hablando el concesionario podr\u00eda alegar\u00a0 un desequilibrio financiero con la&#8230; <\/p>\n","protected":false},"author":3,"featured_media":20847,"comment_status":"open","ping_status":"closed","sticky":false,"template":"","format":"standard","meta":{"footnotes":"","_links_to":"","_links_to_target":""},"categories":[4,27,75],"tags":[],"class_list":["post-20824","post","type-post","status-publish","format-standard","has-post-thumbnail","hentry","category-politica","category-politicaconcejo","category-destacada"],"_links":{"self":[{"href":"https:\/\/revistazetta.com\/index.php?rest_route=\/wp\/v2\/posts\/20824","targetHints":{"allow":["GET"]}}],"collection":[{"href":"https:\/\/revistazetta.com\/index.php?rest_route=\/wp\/v2\/posts"}],"about":[{"href":"https:\/\/revistazetta.com\/index.php?rest_route=\/wp\/v2\/types\/post"}],"author":[{"embeddable":true,"href":"https:\/\/revistazetta.com\/index.php?rest_route=\/wp\/v2\/users\/3"}],"replies":[{"embeddable":true,"href":"https:\/\/revistazetta.com\/index.php?rest_route=%2Fwp%2Fv2%2Fcomments&post=20824"}],"version-history":[{"count":0,"href":"https:\/\/revistazetta.com\/index.php?rest_route=\/wp\/v2\/posts\/20824\/revisions"}],"wp:featuredmedia":[{"embeddable":true,"href":"https:\/\/revistazetta.com\/index.php?rest_route=\/wp\/v2\/media\/20847"}],"wp:attachment":[{"href":"https:\/\/revistazetta.com\/index.php?rest_route=%2Fwp%2Fv2%2Fmedia&parent=20824"}],"wp:term":[{"taxonomy":"category","embeddable":true,"href":"https:\/\/revistazetta.com\/index.php?rest_route=%2Fwp%2Fv2%2Fcategories&post=20824"},{"taxonomy":"post_tag","embeddable":true,"href":"https:\/\/revistazetta.com\/index.php?rest_route=%2Fwp%2Fv2%2Ftags&post=20824"}],"curies":[{"name":"wp","href":"https:\/\/api.w.org\/{rel}","templated":true}]}}