{"id":20825,"date":"2017-06-08T16:27:43","date_gmt":"2017-06-08T21:27:43","guid":{"rendered":"http:\/\/www.revistazetta.com\/?p=20825"},"modified":"2017-06-08T22:12:32","modified_gmt":"2017-06-09T03:12:32","slug":"dadis-entrego-silla-ruedas-joven-paralisis-cerebral-prematura","status":"publish","type":"post","link":"https:\/\/revistazetta.com\/?p=20825","title":{"rendered":"Dadis entreg\u00f3 silla de ruedas a joven con par\u00e1lisis cerebral prematura"},"content":{"rendered":"<p><img loading=\"lazy\" decoding=\"async\" class=\"alignright size-medium wp-image-20833\" src=\"https:\/\/www.revistazetta.com\/wp-content\/uploads\/2017\/06\/Dadis-silla-1-188x300.jpg\" alt=\"Dadis silla 1\" width=\"188\" height=\"300\" srcset=\"https:\/\/revistazetta.com\/wp-content\/uploads\/2017\/06\/Dadis-silla-1-188x300.jpg 188w, https:\/\/revistazetta.com\/wp-content\/uploads\/2017\/06\/Dadis-silla-1-91x146.jpg 91w, https:\/\/revistazetta.com\/wp-content\/uploads\/2017\/06\/Dadis-silla-1-31x50.jpg 31w, https:\/\/revistazetta.com\/wp-content\/uploads\/2017\/06\/Dadis-silla-1-47x75.jpg 47w, https:\/\/revistazetta.com\/wp-content\/uploads\/2017\/06\/Dadis-silla-1.jpg 500w\" sizes=\"auto, (max-width: 188px) 100vw, 188px\" \/>Desde hoy la vida de Gibisay Due\u00f1as Escorcia, una joven de 26 a\u00f1os con par\u00e1lisis cerebral prematura (por lo que parece una ni\u00f1a), cambi\u00f3 para siempre, luego de que la Alcald\u00eda de Cartagena, a trav\u00e9s del Departamento Administrativo Distrital de Salud (Dadis) la beneficiara, a ella y su familia, con una silla de ruedas especial para personas en su condici\u00f3n.<\/p>\n<p>\u201cNos sentimos contentos, porque pese a las dificultades le cumplimos. En el Dadis recibimos alrededor de 200 solicitudes para productos de apoyo (sillas de ruedas, caminadores, muletas) al a\u00f1o y nosotros tenemos capacidad para entregar 100, esta cifra va en aumento. Hace algunos a\u00f1os se entregaban menos productos de apoyo, pero queremos que cada vez sean m\u00e1s las personas beneficiadas\u201d, manifest\u00f3 Adriana Meza, la directora del Dadis.<\/p>\n<p>Por su parte, Orleida, hermana menor (22 a\u00f1os) de Gibisay, agradeci\u00f3 a Dios, a la vida, y al Dadis por esta entrega. \u201cAntes se nos dificultaba darle la comida porque no sostiene la cabeza. Sin su ayuda no creo que lo hubi\u00e9semos logrado\u201d, dijo.<br \/>\nSu abuela, su t\u00eda y un t\u00edo, son quienes cuidan ahora de Gibisay, luego de que su padre y su madre la abandonaran.<\/p>\n<p>Para obtener productos de apoyo lo 1ro es el registro<\/p>\n<p>\u201cLo primero para poder beneficiarse con productos de apoyo por parte del Dadis, es que la persona con discapacidad o el familiar llegue a la oficina de Atenci\u00f3n al Usuario en nuestra sede (Centro, calle Larga, Casa F\u00e1tima) el lunes mi\u00e9rcoles o viernes de 9 a.m a 12 p.m con el documento de identidad del solicitante, historia cl\u00ednica y un recibo de servicio p\u00fablico. Luego de esto el Dadis prioriza los casos que ser\u00e1n beneficiados para hacerles la entrega\u201d, inform\u00f3 Meza.<\/p>\n<p>El apoyo del Dadis contin\u00faa para esta familia en el seguimiento y acompa\u00f1amiento a la atenci\u00f3n m\u00e9dica que requiere Gibisay.<\/p>\n","protected":false},"excerpt":{"rendered":"<p>Desde hoy la vida de Gibisay Due\u00f1as Escorcia, una joven de 26 a\u00f1os con par\u00e1lisis cerebral prematura (por lo que parece una ni\u00f1a), cambi\u00f3 para siempre, luego de que la Alcald\u00eda de Cartagena, a trav\u00e9s del Departamento Administrativo Distrital de Salud (Dadis) la beneficiara, a ella y su familia, con una silla de ruedas especial para personas en su condici\u00f3n. \u201cNos sentimos contentos, porque pese a las dificultades le cumplimos. En el Dadis recibimos alrededor de 200 solicitudes para productos de apoyo (sillas de ruedas, caminadores, muletas) al a\u00f1o y&#8230; <\/p>\n","protected":false},"author":3,"featured_media":20834,"comment_status":"open","ping_status":"closed","sticky":false,"template":"","format":"standard","meta":{"footnotes":"","_links_to":"","_links_to_target":""},"categories":[32,75],"tags":[],"class_list":["post-20825","post","type-post","status-publish","format-standard","has-post-thumbnail","hentry","category-actualidad-distrito","category-destacada"],"_links":{"self":[{"href":"https:\/\/revistazetta.com\/index.php?rest_route=\/wp\/v2\/posts\/20825","targetHints":{"allow":["GET"]}}],"collection":[{"href":"https:\/\/revistazetta.com\/index.php?rest_route=\/wp\/v2\/posts"}],"about":[{"href":"https:\/\/revistazetta.com\/index.php?rest_route=\/wp\/v2\/types\/post"}],"author":[{"embeddable":true,"href":"https:\/\/revistazetta.com\/index.php?rest_route=\/wp\/v2\/users\/3"}],"replies":[{"embeddable":true,"href":"https:\/\/revistazetta.com\/index.php?rest_route=%2Fwp%2Fv2%2Fcomments&post=20825"}],"version-history":[{"count":0,"href":"https:\/\/revistazetta.com\/index.php?rest_route=\/wp\/v2\/posts\/20825\/revisions"}],"wp:featuredmedia":[{"embeddable":true,"href":"https:\/\/revistazetta.com\/index.php?rest_route=\/wp\/v2\/media\/20834"}],"wp:attachment":[{"href":"https:\/\/revistazetta.com\/index.php?rest_route=%2Fwp%2Fv2%2Fmedia&parent=20825"}],"wp:term":[{"taxonomy":"category","embeddable":true,"href":"https:\/\/revistazetta.com\/index.php?rest_route=%2Fwp%2Fv2%2Fcategories&post=20825"},{"taxonomy":"post_tag","embeddable":true,"href":"https:\/\/revistazetta.com\/index.php?rest_route=%2Fwp%2Fv2%2Ftags&post=20825"}],"curies":[{"name":"wp","href":"https:\/\/api.w.org\/{rel}","templated":true}]}}