{"id":20826,"date":"2017-06-08T16:30:25","date_gmt":"2017-06-08T21:30:25","guid":{"rendered":"http:\/\/www.revistazetta.com\/?p=20826"},"modified":"2017-06-08T22:14:29","modified_gmt":"2017-06-09T03:14:29","slug":"docentes-cartagena-pioneros-formacion-norma-internacional-nccer","status":"publish","type":"post","link":"https:\/\/revistazetta.com\/?p=20826","title":{"rendered":"Docentes de Cartagena, pioneros en formaci\u00f3n en norma internacional NCCER"},"content":{"rendered":"<blockquote>\n<h3><strong>&#8211; Por primera vez en la ciudad, 30 maestros del Nodo Petroqu\u00edmico Pl\u00e1stico se capacitaron en esta importante norma de la Escuela Norteamericana para la Construcci\u00f3n.<\/strong><\/h3>\n<h3><strong>&#8211; Esta es una iniciativa de Reficar con el apoyo de la Fundaci\u00f3n Mamonal que lleg\u00f3 a 4 instituciones educativas oficiales del Distrito.<\/strong><\/h3>\n<h3><strong>&#8211; Adem\u00e1s, otro grupo de 30 maestros adelant\u00f3 un Diplomado en Sistemas Integrados de Gesti\u00f3n de la Calidad como parte del proceso de fortalecimiento a la educaci\u00f3n Media T\u00e9cnica que adelantan Reficar y Fundaci\u00f3n Mamonal.<\/strong><\/h3>\n<\/blockquote>\n<p><img loading=\"lazy\" decoding=\"async\" class=\"alignright size-medium wp-image-20843\" src=\"https:\/\/www.revistazetta.com\/wp-content\/uploads\/2017\/06\/Reficar-maestros-4-300x188.jpg\" alt=\"Reficar maestros 4\" width=\"300\" height=\"188\" srcset=\"https:\/\/revistazetta.com\/wp-content\/uploads\/2017\/06\/Reficar-maestros-4-300x188.jpg 300w, https:\/\/revistazetta.com\/wp-content\/uploads\/2017\/06\/Reficar-maestros-4-234x146.jpg 234w, https:\/\/revistazetta.com\/wp-content\/uploads\/2017\/06\/Reficar-maestros-4-50x31.jpg 50w, https:\/\/revistazetta.com\/wp-content\/uploads\/2017\/06\/Reficar-maestros-4-120x75.jpg 120w, https:\/\/revistazetta.com\/wp-content\/uploads\/2017\/06\/Reficar-maestros-4.jpg 800w\" sizes=\"auto, (max-width: 300px) 100vw, 300px\" \/>Con el objetivo de que en un corto plazo se alcancen los m\u00e1s altos est\u00e1ndares de certificaci\u00f3n internacional para el desarrollo de competencias en los estudiantes de la Media t\u00e9cnica pertenecientes al nodo petroqu\u00edmico, surge esta iniciativa de Reficar con el apoyo de la Fundaci\u00f3n Mamonal, sobre la que se ha venido trabajando de manera permanente desde el a\u00f1o 2012.<br \/>\nEste proyecto de fortalecimiento de la media t\u00e9cnica de las instituciones educativas oficiales, se convierte en una apuesta diferencial por la transformaci\u00f3n del proceso educativo, centrado principalmente en el docente, el cual a trav\u00e9s de la formaci\u00f3n recibida se convierte en multiplicador de conocimientos para sus estudiantes, y sumado a la adecuaci\u00f3n de los ambientes de aprendizaje de las escuelas, se facilita el mejoramiento de dicho proceso.<br \/>\nPara los docentes participantes de la formaci\u00f3n en Manejo Seguro de Herramientas B\u00e1sicas de NCCER, esta oportunidad se ha convertido sin duda, en una forma de potenciar su ejercicio docente y la calidad de la educaci\u00f3n que imparten a sus estudiantes. Esta formaci\u00f3n se realiz\u00f3 en alianza con el Servicio Nacional de Aprendizaje (SENA).<br \/>\n\u201cCon esto nos fortalecemos y podemos conocer el escenario en el que se desarrolla la educaci\u00f3n Media t\u00e9cnica, adem\u00e1s de las caracter\u00edsticas, requisitos y exigencias que plantea tener esta formaci\u00f3n en las escuelas que hacen parte de un contexto donde existe una zona industrial que representa una oportunidad laboral para los estudiantes\u201d, expres\u00f3 Yesabeth De La Rosa, coordinadora de la IE T\u00e9cnica de Pasacaballos, y participante de la formaci\u00f3n te\u00f3rico-pr\u00e1ctica.<br \/>\nPara Yesabeth, acceder a estos procesos formativos fue sumamente valioso no solo por lo que significa para ella en lo personal y profesional, sino porque puede poner al servicio de sus estudiantes todo lo que est\u00e1 aprendiendo. \u201cEs importante que la educaci\u00f3n se nutra, una educaci\u00f3n como esta, orientada a las competencias que requiere la industria\u201d, agreg\u00f3 esta docente, que integr\u00f3 el grupo de 30 docentes que culmin\u00f3 con \u00e9xito el proceso, del cual recibieron las respectivas certificaciones en el marco de un evento realizado recientemente en el auditorio de Cedesarrollo de la Fundaci\u00f3n Universitaria Tecnol\u00f3gico Comfenalco.<br \/>\nAdem\u00e1s de docentes y directivos de la IE T\u00e9cnica de Pasacaballos, en el proceso participaron maestros de las Instituciones Educativas CASD Manuela Beltr\u00e1n, INEM y San Francisco de As\u00eds.<br \/>\n<img loading=\"lazy\" decoding=\"async\" class=\"alignright size-medium wp-image-20841\" src=\"https:\/\/www.revistazetta.com\/wp-content\/uploads\/2017\/06\/Reficar-maestros-1-300x188.jpg\" alt=\"Reficar maestros 1\" width=\"300\" height=\"188\" srcset=\"https:\/\/revistazetta.com\/wp-content\/uploads\/2017\/06\/Reficar-maestros-1-300x188.jpg 300w, https:\/\/revistazetta.com\/wp-content\/uploads\/2017\/06\/Reficar-maestros-1-234x146.jpg 234w, https:\/\/revistazetta.com\/wp-content\/uploads\/2017\/06\/Reficar-maestros-1-50x31.jpg 50w, https:\/\/revistazetta.com\/wp-content\/uploads\/2017\/06\/Reficar-maestros-1-120x75.jpg 120w, https:\/\/revistazetta.com\/wp-content\/uploads\/2017\/06\/Reficar-maestros-1.jpg 800w\" sizes=\"auto, (max-width: 300px) 100vw, 300px\" \/>Seguridad b\u00e1sica, introducci\u00f3n a las matem\u00e1ticas para la construcci\u00f3n, introducci\u00f3n a las herramientas el\u00e9ctricas y manuales, habilidades b\u00e1sicas para la comunicaci\u00f3n y empleabilidad, entre otros temas, hicieron hecho parte de la formaci\u00f3n de los docentes, con lo que se espera que estas escuelas puedan responder a las necesidades del sector industrial en el que est\u00e1n ubicadas.<br \/>\nComo parte de este acompa\u00f1amiento a las instituciones educativas del Nodo Petroqu\u00edmico Pl\u00e1stico, que viene liderando Reficar y Fundaci\u00f3n Mamonal, se busca hacer posible un redise\u00f1o curricular por competencias que complemente la labor del docente y potencie el conocimiento adquirido por los estudiantes.<br \/>\n\u201cEstas capacitaciones deben redundar en beneficios para los procesos de formaci\u00f3n que nosotros orientamos. La experiencia me ha permitido actualizarme y la informaci\u00f3n que recib\u00ed ya la estoy aplicando con mis estudiantes\u201d, manifest\u00f3 Ariel Jim\u00e9nez, docente de la IE CASD Manuela Beltr\u00e1n.<br \/>\nM\u00e1s docentes capacitados<br \/>\nAdem\u00e1s del grupo que se form\u00f3 en Manejo Seguro de Herramientas B\u00e1sicas de NCCER, en 2016, gracias a esta iniciativa que busca el fortalecimiento de la Media T\u00e9cnica del Nodo Petroqu\u00edmico Pl\u00e1stico de la ciudad, otro grupo de 30 docentes adelant\u00f3 un Diplomado en Sistemas Integrados de Gesti\u00f3n de la Calidad, formaci\u00f3n que estuvo a cargo de la Fundaci\u00f3n Universitaria Tecnol\u00f3gico Comfenalco, a trav\u00e9s de su Centro de Servicios Empresariales. Estos docentes tambi\u00e9n recibieron sus certificaciones recientemente.<\/p>\n","protected":false},"excerpt":{"rendered":"<p>&#8211; Por primera vez en la ciudad, 30 maestros del Nodo Petroqu\u00edmico Pl\u00e1stico se capacitaron en esta importante norma de la Escuela Norteamericana para la Construcci\u00f3n. &#8211; Esta es una iniciativa de Reficar con el apoyo de la Fundaci\u00f3n Mamonal que lleg\u00f3 a 4 instituciones educativas oficiales del Distrito. &#8211; Adem\u00e1s, otro grupo de 30 maestros adelant\u00f3 un Diplomado en Sistemas Integrados de Gesti\u00f3n de la Calidad como parte del proceso de fortalecimiento a la educaci\u00f3n Media T\u00e9cnica que adelantan Reficar y Fundaci\u00f3n Mamonal. Con el objetivo de que en&#8230; <\/p>\n","protected":false},"author":3,"featured_media":20842,"comment_status":"open","ping_status":"closed","sticky":false,"template":"","format":"standard","meta":{"footnotes":"","_links_to":"","_links_to_target":""},"categories":[2,75],"tags":[],"class_list":["post-20826","post","type-post","status-publish","format-standard","has-post-thumbnail","hentry","category-actualidad","category-destacada"],"_links":{"self":[{"href":"https:\/\/revistazetta.com\/index.php?rest_route=\/wp\/v2\/posts\/20826","targetHints":{"allow":["GET"]}}],"collection":[{"href":"https:\/\/revistazetta.com\/index.php?rest_route=\/wp\/v2\/posts"}],"about":[{"href":"https:\/\/revistazetta.com\/index.php?rest_route=\/wp\/v2\/types\/post"}],"author":[{"embeddable":true,"href":"https:\/\/revistazetta.com\/index.php?rest_route=\/wp\/v2\/users\/3"}],"replies":[{"embeddable":true,"href":"https:\/\/revistazetta.com\/index.php?rest_route=%2Fwp%2Fv2%2Fcomments&post=20826"}],"version-history":[{"count":0,"href":"https:\/\/revistazetta.com\/index.php?rest_route=\/wp\/v2\/posts\/20826\/revisions"}],"wp:featuredmedia":[{"embeddable":true,"href":"https:\/\/revistazetta.com\/index.php?rest_route=\/wp\/v2\/media\/20842"}],"wp:attachment":[{"href":"https:\/\/revistazetta.com\/index.php?rest_route=%2Fwp%2Fv2%2Fmedia&parent=20826"}],"wp:term":[{"taxonomy":"category","embeddable":true,"href":"https:\/\/revistazetta.com\/index.php?rest_route=%2Fwp%2Fv2%2Fcategories&post=20826"},{"taxonomy":"post_tag","embeddable":true,"href":"https:\/\/revistazetta.com\/index.php?rest_route=%2Fwp%2Fv2%2Ftags&post=20826"}],"curies":[{"name":"wp","href":"https:\/\/api.w.org\/{rel}","templated":true}]}}