{"id":20853,"date":"2017-06-09T20:36:26","date_gmt":"2017-06-10T01:36:26","guid":{"rendered":"http:\/\/www.revistazetta.com\/?p=20853"},"modified":"2017-06-09T20:36:26","modified_gmt":"2017-06-10T01:36:26","slug":"fenalco-dice-comercio-va-bicicleta-estatica","status":"publish","type":"post","link":"https:\/\/revistazetta.com\/?p=20853","title":{"rendered":"Fenalco dice que el comercio va en \u00abbicicleta est\u00e1tica\u00bb"},"content":{"rendered":"<p>Una\u00a0encuesta realizada por Fenalco sugiere que en mayo las ventas del comercio en el pa\u00eds decrecieron. Comerciantes de todos los sectores expresaron desaz\u00f3n con el resultado parcial de mayo, pues sugiere que la recuperaci\u00f3n no ha llegado y que el comercio est\u00e1 montado en una bicicleta est\u00e1tica. Para el 30% de los encuestados su volumen de ventas fue superior al obtenido en igual mes del a\u00f1o anterior, en tanto que para el 25% hubo descenso, obteni\u00e9ndose un muy pobre balance.<\/p>\n<p>Dos sectores, cuyo peso en el total es muy peque\u00f1o, reportaron un aceptable mes: las florister\u00edas y los libreros. La din\u00e1mica de las flores se explica por el D\u00eda de la Madre y la de los libros por la Feria del Libro en Bogot\u00e1, que alcanz\u00f3 un n\u00famero record de visitantes: m\u00e1s de medio mill\u00f3n. Contin\u00faan frenadas las ventas del sector de ferreter\u00edas y materiales de construcci\u00f3n y en el departamento veh\u00edculos y motocicletas tambi\u00e9n est\u00e1n en terreno negativo.<\/p>\n<p>Muchos comerciantes, en particular las panader\u00edas y los supermercados de barrio, dijeron que el paro de maestros ha golpeado sobremanera sus ventas. Los distribuidores de mercanc\u00edas importadas, particularmente los de la ciudad de Cali, expresaron preocupaci\u00f3n por el impacto del paro de Buenaventura en el normal abastecimiento de sus clientes, los detallistas. Cabe recordar que dicho paro ya ha sido levantado.<\/p>\n<p>\u201cSigue la cautela en el gasto de los hogares, ni siquiera el d\u00eda de la madre refresc\u00f3 el sector, am\u00e9n del anuncio Superintendente Financiero de que a partir de julio la tasa de usura bajar\u00e1 m\u00e1s de 100 puntos b\u00e1sicos, petici\u00f3n que entre otras ha venido haciendo el gremio para reactivar la econom\u00eda y que es posible est\u00e9 induciendo a los consumidores informados a ser muy prudentes en el uso de sus tarjetas de cr\u00e9dito\u201d se\u00f1al\u00f3 M\u00f3nica Fadul Directora Fenalco Bol\u00edvar<\/p>\n<p>Con todo el optimismo de los comerciantes frente al desempe\u00f1o inmediato de sus negocios, mejor\u00f3 ligeramente. El 56% de los empresarios piensa que en los pr\u00f3ximos seis meses las cosas mejorar\u00e1n. En abril dicho porcentaje fue del 53%. \u201cNuestra encuesta de mayo refleja que a\u00fan no hay reversi\u00f3n del l\u00e1nguido comportamiento del primer tercio del a\u00f1o y est\u00e1n lejanas \u00a0a\u00fan las \u00e9pocas en que el optimismo de los comerciantes rondaba el 90%, indic\u00f3 Fadul.<\/p>\n","protected":false},"excerpt":{"rendered":"<p>Una\u00a0encuesta realizada por Fenalco sugiere que en mayo las ventas del comercio en el pa\u00eds decrecieron. Comerciantes de todos los sectores expresaron desaz\u00f3n con el resultado parcial de mayo, pues sugiere que la recuperaci\u00f3n no ha llegado y que el comercio est\u00e1 montado en una bicicleta est\u00e1tica. Para el 30% de los encuestados su volumen de ventas fue superior al obtenido en igual mes del a\u00f1o anterior, en tanto que para el 25% hubo descenso, obteni\u00e9ndose un muy pobre balance. Dos sectores, cuyo peso en el total es muy peque\u00f1o,&#8230; <\/p>\n","protected":false},"author":3,"featured_media":0,"comment_status":"open","ping_status":"closed","sticky":false,"template":"","format":"standard","meta":{"footnotes":"","_links_to":"","_links_to_target":""},"categories":[50,3],"tags":[],"class_list":["post-20853","post","type-post","status-publish","format-standard","hentry","category-empresa","category-ciudad"],"_links":{"self":[{"href":"https:\/\/revistazetta.com\/index.php?rest_route=\/wp\/v2\/posts\/20853","targetHints":{"allow":["GET"]}}],"collection":[{"href":"https:\/\/revistazetta.com\/index.php?rest_route=\/wp\/v2\/posts"}],"about":[{"href":"https:\/\/revistazetta.com\/index.php?rest_route=\/wp\/v2\/types\/post"}],"author":[{"embeddable":true,"href":"https:\/\/revistazetta.com\/index.php?rest_route=\/wp\/v2\/users\/3"}],"replies":[{"embeddable":true,"href":"https:\/\/revistazetta.com\/index.php?rest_route=%2Fwp%2Fv2%2Fcomments&post=20853"}],"version-history":[{"count":0,"href":"https:\/\/revistazetta.com\/index.php?rest_route=\/wp\/v2\/posts\/20853\/revisions"}],"wp:attachment":[{"href":"https:\/\/revistazetta.com\/index.php?rest_route=%2Fwp%2Fv2%2Fmedia&parent=20853"}],"wp:term":[{"taxonomy":"category","embeddable":true,"href":"https:\/\/revistazetta.com\/index.php?rest_route=%2Fwp%2Fv2%2Fcategories&post=20853"},{"taxonomy":"post_tag","embeddable":true,"href":"https:\/\/revistazetta.com\/index.php?rest_route=%2Fwp%2Fv2%2Ftags&post=20853"}],"curies":[{"name":"wp","href":"https:\/\/api.w.org\/{rel}","templated":true}]}}