{"id":20897,"date":"2017-06-13T18:53:15","date_gmt":"2017-06-13T23:53:15","guid":{"rendered":"http:\/\/www.revistazetta.com\/?p=20897"},"modified":"2017-06-14T21:47:20","modified_gmt":"2017-06-15T02:47:20","slug":"microrrueda-empleo-sena-oferta-123-vacantes","status":"publish","type":"post","link":"https:\/\/revistazetta.com\/?p=20897","title":{"rendered":"Microrrueda de empleo SENA oferta 123 vacantes"},"content":{"rendered":"<blockquote><p><strong>Participan cuatro empresas cuyas actividades econ\u00f3micas est\u00e1n orientadas al sector comercial e industrial.<\/strong><\/p><\/blockquote>\n<p>La Agencia P\u00fablica de Empleo del SENA desarrollar\u00e1 este jueves 15 de junio en las instalaciones del Centro Multisectorial de Ternera, una nueva microrrueda de empleo que pondr\u00e1 a disposici\u00f3n de los cartageneros 123 vacantes para nueve perfiles ocupacionales.<\/p>\n<p>\u201c<em>Con estas estrategia seguimos acercando a las personas desempleadas con los empresarios que requieren talento humano cualificado, para as\u00ed garantizar el acceso a empleos dignos y seguir contribuyendo a mejorar las condiciones laborales de los ciudadanos<\/em>\u201d, asegur\u00f3, Jaime Torrado, director regional.<\/p>\n<p>Esta es la tercera que la \u2018Entidad m\u00e1s querida por los colombianos\u2019 ofrece en Bol\u00edvar jornadas de intermediaci\u00f3n laboral en lo que va corrido del a\u00f1o, para esta ocasi\u00f3n, participar\u00e1n cuatro empresas cuyas actividades econ\u00f3micas est\u00e1n orientadas al sector comercial e industrial.<\/p>\n<p>Entre los cargos que se ofertar\u00e1n est\u00e1n: Asesor Comercial con formaci\u00f3n t\u00e9cnica y un a\u00f1o de experiencia; Ejecutivo Comercial Externo con formaci\u00f3n de tecn\u00f3logo en administraci\u00f3n y de 3 a 5 a\u00f1os ejerciendo funciones asociadas; Coordinador Comercial con estudios en administraci\u00f3n de empresas, especializaci\u00f3n en mercadeo y 3 a\u00f1os de experiencia; Auxiliar Comercial en punto de venta con formaci\u00f3n t\u00e9cnica en mercadeo y ventas; Mercaderista t\u00e9cnico con experiencia en canales de distribuci\u00f3n; Conductor acreedor de licencia C2 con formaciones en servicio al cliente y mercadeo; Estibador y Empacador con experiencia en el cargo de m\u00e1s de 6 meses, entre otros.<\/p>\n","protected":false},"excerpt":{"rendered":"<p>Participan cuatro empresas cuyas actividades econ\u00f3micas est\u00e1n orientadas al sector comercial e industrial. La Agencia P\u00fablica de Empleo del SENA desarrollar\u00e1 este jueves 15 de junio en las instalaciones del Centro Multisectorial de Ternera, una nueva microrrueda de empleo que pondr\u00e1 a disposici\u00f3n de los cartageneros 123 vacantes para nueve perfiles ocupacionales. \u201cCon estas estrategia seguimos acercando a las personas desempleadas con los empresarios que requieren talento humano cualificado, para as\u00ed garantizar el acceso a empleos dignos y seguir contribuyendo a mejorar las condiciones laborales de los ciudadanos\u201d, asegur\u00f3, Jaime&#8230; <\/p>\n","protected":false},"author":3,"featured_media":20942,"comment_status":"open","ping_status":"closed","sticky":false,"template":"","format":"standard","meta":{"footnotes":"","_links_to":"","_links_to_target":""},"categories":[3,50],"tags":[],"class_list":["post-20897","post","type-post","status-publish","format-standard","has-post-thumbnail","hentry","category-ciudad","category-empresa"],"_links":{"self":[{"href":"https:\/\/revistazetta.com\/index.php?rest_route=\/wp\/v2\/posts\/20897","targetHints":{"allow":["GET"]}}],"collection":[{"href":"https:\/\/revistazetta.com\/index.php?rest_route=\/wp\/v2\/posts"}],"about":[{"href":"https:\/\/revistazetta.com\/index.php?rest_route=\/wp\/v2\/types\/post"}],"author":[{"embeddable":true,"href":"https:\/\/revistazetta.com\/index.php?rest_route=\/wp\/v2\/users\/3"}],"replies":[{"embeddable":true,"href":"https:\/\/revistazetta.com\/index.php?rest_route=%2Fwp%2Fv2%2Fcomments&post=20897"}],"version-history":[{"count":0,"href":"https:\/\/revistazetta.com\/index.php?rest_route=\/wp\/v2\/posts\/20897\/revisions"}],"wp:featuredmedia":[{"embeddable":true,"href":"https:\/\/revistazetta.com\/index.php?rest_route=\/wp\/v2\/media\/20942"}],"wp:attachment":[{"href":"https:\/\/revistazetta.com\/index.php?rest_route=%2Fwp%2Fv2%2Fmedia&parent=20897"}],"wp:term":[{"taxonomy":"category","embeddable":true,"href":"https:\/\/revistazetta.com\/index.php?rest_route=%2Fwp%2Fv2%2Fcategories&post=20897"},{"taxonomy":"post_tag","embeddable":true,"href":"https:\/\/revistazetta.com\/index.php?rest_route=%2Fwp%2Fv2%2Ftags&post=20897"}],"curies":[{"name":"wp","href":"https:\/\/api.w.org\/{rel}","templated":true}]}}