{"id":20898,"date":"2017-06-13T19:08:04","date_gmt":"2017-06-14T00:08:04","guid":{"rendered":"http:\/\/www.revistazetta.com\/?p=20898"},"modified":"2017-06-14T21:50:59","modified_gmt":"2017-06-15T02:50:59","slug":"mueve-futuro-llego-al-sur-bolivar","status":"publish","type":"post","link":"https:\/\/revistazetta.com\/?p=20898","title":{"rendered":"\u201cMueve Mi Futuro\u201d lleg\u00f3 al Sur de Bol\u00edvar"},"content":{"rendered":"<blockquote><p><strong><em>El programa liderado por la Oficina de Gesti\u00f3n Social, en cabeza de la Primera Dama, Liliana Majana de Turbay, busca dotar de bicicletas a cientos de ni\u00f1os de la regi\u00f3n. Gesti\u00f3n Social de la Gobernaci\u00f3n de Bol\u00edvar, con \u00e9nfasis en generar sensibilidad y solidaridad comienza a ser itinerante con \u201cMueve Mi Futuro\u201d en el cono sur del departamento.<\/em><\/strong><\/p><\/blockquote>\n<p>Con la entrega de 50 bicicletas a ni\u00f1os de seis instituciones educativas oficiales de Morales, la Oficina de Gesti\u00f3n Social del Gobierno Seccional del \u201cBol\u00edvar S\u00ed Avanza\u201d comenz\u00f3 en firme la puesta en marcha del programa infantil \u201cMueve Mi Futuro\u201d. Lo que se quiere con la implementaci\u00f3n del plan es acortar desplazamientos, ejercer empat\u00eda con la actividad deportiva e impulsar la integraci\u00f3n entre compa\u00f1eros de escuela.<\/p>\n<p>Seg\u00fan lineamientos de la Oficina de Gesti\u00f3n Social, el programa surgi\u00f3 como una apuesta para reducir la deserci\u00f3n escolar por causas de movilidad. En ese orden, las bicicletas que en esta oportunidad est\u00e1n dirigidas a estudiantes de escuelas rurales ser\u00e1n exclusivamente para infantes habitantes de veredas y poblaciones de dif\u00edcil acceso o ubicaci\u00f3n geogr\u00e1fica.<\/p>\n<p>Lo aprovechable del programa es que ante la reducci\u00f3n de distancias, disminuci\u00f3n en la utilizaci\u00f3n del tiempo y la menor exposici\u00f3n al sol por parte de los ni\u00f1os, estos mejorar\u00e1n su rendimiento acad\u00e9mico y su a\u00f1o escolar desde luego arrojar\u00e1 mejores resultados desde el punto de vista escolar.<\/p>\n<p>Hasta el momento van entregadas quinientas [500] bicicletas [en Zodes Dique y el norte de Bol\u00edvar] y la meta es donar m\u00e1s de mil [1000] en 2017. La consigna es que la empresa privada y la gente del com\u00fan se unan a la causa y se retraten con el donativo de ciclas. Vale la pena destacar a todos los bolivarenses que, \u201cTu Solidaridad Mueve Mi Futuro\u201d.<\/p>\n<p>Entre las actividades realizadas en Morales por parte de la Oficina de Gesti\u00f3n Social y en complemento al programa tambi\u00e9n se entregaron 250 pares de zapatos para igual n\u00famero de ni\u00f1os de las instituciones oficiales del municipio.<\/p>\n<p>Las escuelas oficiales que en Morales ser\u00e1n beneficiadas son: Instituci\u00f3n Educativa Bodega Central, Instituci\u00f3n T\u00e9cnica y Agropecuaria Vicente Hordanza, Instituci\u00f3n Educativa El Dique, Instituci\u00f3n Educativa La Palma, Instituci\u00f3n Educativa de Mico Ahumao y Centro Educativo El Corcovado.<\/p>\n<p>\u201cMueve Mi Futuro\u201d, continuar\u00e1 en el Zodes Lobas, m\u00e1s exactamente este martes 20 \u00a0y mi\u00e9rcoles 21 de junio de 2017.<\/p>\n<p>El acto efectuado en la Casa de la Cultura fue presidido por las funcionarias de la Oficina de Gesti\u00f3n Social de la Gobernaci\u00f3n de Bol\u00edvar y cont\u00f3 con la presencia \u00a0del alcalde encargado, Odair Villamizar; la gestora Social de Morales, Luxury Herrera, docentes de la poblaci\u00f3n, representantes del Instituto Colombiano de Bienestar Familiar y ni\u00f1os beneficiados.<\/p>\n","protected":false},"excerpt":{"rendered":"<p>El programa liderado por la Oficina de Gesti\u00f3n Social, en cabeza de la Primera Dama, Liliana Majana de Turbay, busca dotar de bicicletas a cientos de ni\u00f1os de la regi\u00f3n. Gesti\u00f3n Social de la Gobernaci\u00f3n de Bol\u00edvar, con \u00e9nfasis en generar sensibilidad y solidaridad comienza a ser itinerante con \u201cMueve Mi Futuro\u201d en el cono sur del departamento. Con la entrega de 50 bicicletas a ni\u00f1os de seis instituciones educativas oficiales de Morales, la Oficina de Gesti\u00f3n Social del Gobierno Seccional del \u201cBol\u00edvar S\u00ed Avanza\u201d comenz\u00f3 en firme la puesta&#8230; <\/p>\n","protected":false},"author":3,"featured_media":20940,"comment_status":"open","ping_status":"closed","sticky":false,"template":"","format":"standard","meta":{"footnotes":"","_links_to":"","_links_to_target":""},"categories":[80,83],"tags":[],"class_list":["post-20898","post","type-post","status-publish","format-standard","has-post-thumbnail","hentry","category-region","category-municipios"],"_links":{"self":[{"href":"https:\/\/revistazetta.com\/index.php?rest_route=\/wp\/v2\/posts\/20898","targetHints":{"allow":["GET"]}}],"collection":[{"href":"https:\/\/revistazetta.com\/index.php?rest_route=\/wp\/v2\/posts"}],"about":[{"href":"https:\/\/revistazetta.com\/index.php?rest_route=\/wp\/v2\/types\/post"}],"author":[{"embeddable":true,"href":"https:\/\/revistazetta.com\/index.php?rest_route=\/wp\/v2\/users\/3"}],"replies":[{"embeddable":true,"href":"https:\/\/revistazetta.com\/index.php?rest_route=%2Fwp%2Fv2%2Fcomments&post=20898"}],"version-history":[{"count":0,"href":"https:\/\/revistazetta.com\/index.php?rest_route=\/wp\/v2\/posts\/20898\/revisions"}],"wp:featuredmedia":[{"embeddable":true,"href":"https:\/\/revistazetta.com\/index.php?rest_route=\/wp\/v2\/media\/20940"}],"wp:attachment":[{"href":"https:\/\/revistazetta.com\/index.php?rest_route=%2Fwp%2Fv2%2Fmedia&parent=20898"}],"wp:term":[{"taxonomy":"category","embeddable":true,"href":"https:\/\/revistazetta.com\/index.php?rest_route=%2Fwp%2Fv2%2Fcategories&post=20898"},{"taxonomy":"post_tag","embeddable":true,"href":"https:\/\/revistazetta.com\/index.php?rest_route=%2Fwp%2Fv2%2Ftags&post=20898"}],"curies":[{"name":"wp","href":"https:\/\/api.w.org\/{rel}","templated":true}]}}