{"id":20899,"date":"2017-06-13T19:10:00","date_gmt":"2017-06-14T00:10:00","guid":{"rendered":"http:\/\/www.revistazetta.com\/?p=20899"},"modified":"2017-06-13T19:11:55","modified_gmt":"2017-06-14T00:11:55","slug":"concejo-exige-garantizar-seguridad-centro-historico-zona-insular","status":"publish","type":"post","link":"https:\/\/revistazetta.com\/?p=20899","title":{"rendered":"El Concejo exige garantizar seguridad en Centro Hist\u00f3rico y zona insular"},"content":{"rendered":"<p>Mediante una proposici\u00f3n el concejal Wilson Toncel anunci\u00f3 un debate para conocer qu\u00e9 acciones implementan las autoridades para detener el accionar delictivo en el Centro Hist\u00f3rico y la zona insular, donde la comunidad ha denunciado constantes robos y la comisi\u00f3n constante de delitos.<\/p>\n<p>Seg\u00fan Toncel este debate se realizar\u00e1 \u00a0con la presencia del secretario del Interior del Distrito, Fernando Ni\u00f1o, el comandante de la Polic\u00eda Metropolitana de Cartagena, se\u00f1or brigadier general \u00a0Luis Humberto Poveda, la alcaldesa (e) de la Localidad 1, Yolanda Wong, representante de la Corporaci\u00f3n de Turismo, Zully Salazar y el comandante de la Fuerza Naval del Caribe, Evelio enrique Ram\u00edrez.<\/p>\n<p>\u201cLo que buscamos debatir es mejorar la seguridad ciudadana en el Centro Hist\u00f3rico y la zona insular de Cartagena. Es pan de cada d\u00eda que se presenten atracos a turistas en las Islas del Rosario, Bar\u00fa, Chol\u00f3n, Tierraomba y en otros destinos tur\u00edsticos insulares, y eso hace da\u00f1o a la imagen de la ciudad. Tenemos el deber de brindarles seguridad a estos visitantes\u201d, dijo Toncel.<\/p>\n<p>El Concejal indic\u00f3 que con la presencia de tofos los funcionarios citados debe darse un compromiso y definir una estrategia para garantizar la seguridad a propios y turistas.<\/p>\n<p>As\u00ed mismo, el presidente del Concejo, Lewis Montero Polo, enfatiz\u00f3 que es vergonzoso para la ciudad que los delincuentes hagan de las suyas en la zona insular, donde recientemente e han presentado varios hechos lamentables, \u201cAqu\u00ed se deben tomar medidas urgentes para capturar a los responsables de estos hechos, y mantener la tranquilidad ciudadana por la buena imagen de la ciudad\u201d,<\/p>\n<p>La proposici\u00f3n fue aprobada por todos los concejales y se espera otorgarle la fecha.<\/p>\n<p><strong>Exitosa audi<\/strong><strong>encia p\u00fablica<\/strong><\/p>\n<p>Al t\u00e9rmino de la sesi\u00f3n, el presidente del Concejo, Lewis Montero Polo, instal\u00f3 una audiencia p\u00fablica para enriquecer tres proyectos de acuerdo.<\/p>\n<p>&nbsp;<\/p>\n<p>La concejal Duvinia Torres presidi\u00f3 la audiencia p\u00fablica donde se ley\u00f3 el proyecto de acuerdo \u201cpor medio del cual se establece el programa de comedores universitarios para las instituciones p\u00fablicas de educaci\u00f3n superior de Cartagena\u201d, espec\u00edficamente a la Universidad de Cartagena y al Colegio Mayor de Bol\u00edvar.<\/p>\n<p>Este proyecto de acuerdo, cuyo ponente es el concejal, Erich Pi\u00f1a, va encaminado a establecer una partida presupuestal permanente de destinaci\u00f3n espec\u00edfica en el Presupuesto Distrital para el Programa de Comedores Universitarios en la ciudad de Cartagena.<\/p>\n<p>&nbsp;<\/p>\n<p>El objetivo es crear el programa de Comedor Universitario para los estudiantes de las instituciones de educaci\u00f3n superior de Cartagena de estratos 1 y 2 con el fin de mejorar los niveles nutricionales y sus condiciones f\u00edsicas e intelectuales. Este proyecto busca:<\/p>\n<p><strong>\u00a0<\/strong><\/p>\n<ul>\n<li>Establecer el Programa de Comedor Universitario, para que cuente con una asignaci\u00f3n presupuestal de destinaci\u00f3n espec\u00edfica que garantice su cumplimiento.<\/li>\n<li>Contribuir a las estrategias de disminuci\u00f3n de la deserci\u00f3n universitaria en los estudiantes de bajos recursos por causas nutricionales.<\/li>\n<li>Dar continuidad al programa estatal de alimentaci\u00f3n escolar en las intuiciones de educaci\u00f3n superior de car\u00e1cter p\u00fablico.<\/li>\n<li><\/li>\n<\/ul>\n<p>En la audiencia \u00a0particip\u00f3 el ciudadano Iv\u00e1n Caraballo pidi\u00f3 que se ampl\u00ede a todas las universidades. As\u00ed mismo, Miguel Camacho, representante de la Universidsd de Cartagena, indic\u00f3 que los comedores universitarios se iniciaron en el segundo gobierno de Nicol\u00e1s Curi. \u201cEste acuerdo es importante porque nos permite contar con el servicio permanente y ayuda a disminuir la deserci\u00f3n acad\u00e9mica\u201d, dijo.<\/p>\n<p>As\u00ed mismo, el concejal, David Dager, recalc\u00f3 que con este proyecto el Concejo estaba construyendo ciudad, pues estos j\u00f3venes merecen tener continuidad.<\/p>\n<p>Por su parte, el concejal, Javier Curi, record\u00f3 que durante la administraci\u00f3n de Nicol\u00e1s Curi, en 1997, el gobierno se dio cuenta que con hambre nadie trabaja y en ese sentido el Distrito invirti\u00f3 en seguridad alimentaria.<\/p>\n<p>De igual forma, Sergio Quintero, estudiante de la Universidad de Cartagena, agradeci\u00f3 a los concejales y es importante este servicio de comedor escolar. \u201cLa mejor manera de combatir la inseguridad es apoyando la educaci\u00f3n p\u00fablica\u201d, indic\u00f3.<\/p>\n<p>&nbsp;<\/p>\n<p><strong>Por la estancia de caninos<\/strong><\/p>\n<p><strong>\u00a0<\/strong><\/p>\n<p>Con ponencia de Edgar Mendoza Saleme, se dio a conocer el proyecto de acuerdo \u201cPor el cual se dictan las normas necesarias para reglamentar la estancia de caninos o felinos dom\u00e9sticos o mascotas en zonas de recreo en el Distrito Tur\u00edstico y Cultural de Cartagena de Indias, y se dictan otras disposiciones\u201d.<\/p>\n<p>&nbsp;<\/p>\n<p>El concejal Edgar Mendoza Saleme dio a conocer que este proyecto busca reglamentar la Ley 1801 de 2016 o Nuevo C\u00f3digo de Polic\u00eda. \u201cEl objetivo es reglamentar la estancia de caninos y felinos en zonas de recreo y juego, con el \u00fanico objetivo de evitar accidentes y garantizar la seguridad de todos\u201d, indic\u00f3.<\/p>\n<p>&nbsp;<\/p>\n<p>Es un deber fundamental del Concejo reglamentar un art\u00edculo del Nuevo C\u00f3digo de Polic\u00eda .<\/p>\n<p>En la audiencia particip\u00f3 el dirigente Aldo Lora, quien mostr\u00f3 su conformidad por la reglamentaci\u00f3n. \u201cYo soy amante de las mascotas. En la actualidad tengo 9 perros de raza Pitbull y me siento perseguido por la Polic\u00eda cuando los saco a pasar sin bozal porque los consideran peligrosos\u201d.<\/p>\n<p>&nbsp;<\/p>\n<p>Por su parte, Ivan Caraballo, recalc\u00f3 que quien tiene una mascota debe mantenerla, sino debe ser decomisada.<\/p>\n<p>&nbsp;<\/p>\n<p>Entre tanto, la concejal Ang\u00e9lica Hodeg indic\u00f3 que lo que se busca con este acuerdo es que los due\u00f1os de mascotas, sean responsables al sacarlas a pasear. \u201cCon esto se pretende prevenir accidentes en parques y paseos peatonales\u201d, dijo.<\/p>\n<p>&nbsp;<\/p>\n<p>As\u00ed mismo, Mar\u00eda Bonfante de la Asociaci\u00f3n Protectora de Animales, dijo que estaban dispuestos a trabajar con el Concejo y el Distrito para buscar mecanismos para la protecci\u00f3n animal y definir lineamientos.<\/p>\n<p>&nbsp;<\/p>\n<p>&nbsp;<\/p>\n<p><strong>A salvar el b\u00e9isbol<\/strong><\/p>\n<p>&nbsp;<\/p>\n<p>&nbsp;<\/p>\n<p>Por \u00faltimo, se ley\u00f3 el proyecto: \u00a0\u201cPor medio del cual se promueve la pr\u00e1ctica del b\u00e9isbol menor en la ciudad de Cartagena, se adec\u00faan y se reglamenta el uso de los escenarios deportivos, en materia de b\u00e9isbol, en el Distrito de Cartagena de Indias\u201d.<\/p>\n<p>En la audiencia particip\u00f3 el entrenador, Fermin Montoya, qui\u00e9n recalc\u00f3 la falta de escenarios deportivos para la pr\u00e1ctica del b\u00e9isbol menor. \u201cEl grandes ligar Julio Theran sali\u00f3 de Olaya Herrera y eso ayuda que nuestros ni\u00f1os se alejen de las drogas.<\/p>\n<p>As\u00ed mismo, Edwin Lemus, un joven pelotero de 12 a\u00f1os, pidi\u00f3 m\u00e1s apoyo\u00a0 para el b\u00e9isbol.<\/p>\n<p>&nbsp;<\/p>\n<p>La audiencia p\u00fablica finaliz\u00f3 con la intervenci\u00f3n de\u00a0Ivan Caraballo, quien dijo que el distrito debe invertir en esos estadios de b\u00e9isbol.<\/p>\n","protected":false},"excerpt":{"rendered":"<p>Mediante una proposici\u00f3n el concejal Wilson Toncel anunci\u00f3 un debate para conocer qu\u00e9 acciones implementan las autoridades para detener el accionar delictivo en el Centro Hist\u00f3rico y la zona insular, donde la comunidad ha denunciado constantes robos y la comisi\u00f3n constante de delitos. Seg\u00fan Toncel este debate se realizar\u00e1 \u00a0con la presencia del secretario del Interior del Distrito, Fernando Ni\u00f1o, el comandante de la Polic\u00eda Metropolitana de Cartagena, se\u00f1or brigadier general \u00a0Luis Humberto Poveda, la alcaldesa (e) de la Localidad 1, Yolanda Wong, representante de la Corporaci\u00f3n de Turismo, Zully&#8230; <\/p>\n","protected":false},"author":3,"featured_media":0,"comment_status":"open","ping_status":"closed","sticky":false,"template":"","format":"standard","meta":{"footnotes":"","_links_to":"","_links_to_target":""},"categories":[4,27],"tags":[],"class_list":["post-20899","post","type-post","status-publish","format-standard","hentry","category-politica","category-politicaconcejo"],"_links":{"self":[{"href":"https:\/\/revistazetta.com\/index.php?rest_route=\/wp\/v2\/posts\/20899","targetHints":{"allow":["GET"]}}],"collection":[{"href":"https:\/\/revistazetta.com\/index.php?rest_route=\/wp\/v2\/posts"}],"about":[{"href":"https:\/\/revistazetta.com\/index.php?rest_route=\/wp\/v2\/types\/post"}],"author":[{"embeddable":true,"href":"https:\/\/revistazetta.com\/index.php?rest_route=\/wp\/v2\/users\/3"}],"replies":[{"embeddable":true,"href":"https:\/\/revistazetta.com\/index.php?rest_route=%2Fwp%2Fv2%2Fcomments&post=20899"}],"version-history":[{"count":0,"href":"https:\/\/revistazetta.com\/index.php?rest_route=\/wp\/v2\/posts\/20899\/revisions"}],"wp:attachment":[{"href":"https:\/\/revistazetta.com\/index.php?rest_route=%2Fwp%2Fv2%2Fmedia&parent=20899"}],"wp:term":[{"taxonomy":"category","embeddable":true,"href":"https:\/\/revistazetta.com\/index.php?rest_route=%2Fwp%2Fv2%2Fcategories&post=20899"},{"taxonomy":"post_tag","embeddable":true,"href":"https:\/\/revistazetta.com\/index.php?rest_route=%2Fwp%2Fv2%2Ftags&post=20899"}],"curies":[{"name":"wp","href":"https:\/\/api.w.org\/{rel}","templated":true}]}}