{"id":20905,"date":"2017-06-14T16:45:12","date_gmt":"2017-06-14T21:45:12","guid":{"rendered":"http:\/\/www.revistazetta.com\/?p=20905"},"modified":"2017-06-14T16:45:12","modified_gmt":"2017-06-14T21:45:12","slug":"educacion-paz-atrio-los-gentiles-la-iglesia-san-pedro-claver","status":"publish","type":"post","link":"https:\/\/revistazetta.com\/?p=20905","title":{"rendered":"\u00abEducaci\u00f3n y paz\u00bb en el atrio de los gentiles de la iglesia San Pedro Claver"},"content":{"rendered":"<p>Este jueves 15 de junio, a partir de las 4 pm, el soci\u00f3logo brasilero <strong>Boaventura de Sousa<\/strong>, dictar\u00e1 una conferencia sobre \u201c<strong>Educaci\u00f3n y paz<\/strong>\u201d en el atrio de los gentiles de la Iglesia de San Pedro Claver.<\/p>\n<p>El tema cobra especial importancia debido a que en el pa\u00eds se adelanta un paro de maestros, desde hace mes de un mes, sin que hasta ahora se haya logrado ning\u00fan acuerdo.<\/p>\n<p>El atrio de los gentiles de la Iglesia de San Pedro Claver se inici\u00f3 en la Semana Santa del a\u00f1o 2016, como un lugar de encuentro de creyentes y no creyentes para discutir temas que aportan a la construcci\u00f3n de pa\u00eds y de ciudad en clave con los Derechos Humanos, la reconciliaci\u00f3n y la paz.<\/p>\n<p>Por este atrio de los gentiles, han pasado personas como Roberto Cuellar, los embajadores de El Salvador, Francisco Galindo y de Palestina, Rauf Malki, los periodistas Socorro Ram\u00edrez y Jorge Rojas, el escritor William Ospina y los Padres Francisco de Roux y Javier Giraldo, entre otros.<\/p>\n<p>El Santuario de San Pedro Claver lidera acciones en favor de la paz y la reconciliaci\u00f3n, los derechos de los ni\u00f1os, el medio ambiente y los afrodescendientes para lograr que Cartagena se convierta en la Capital Mundial de los Derechos Humanos. Es por eso que el atrio de los gentiles se ha convertido en \u201cun lugar de di\u00e1logo abierto de construcci\u00f3n de pensamiento y esperanza\u201d, se\u00f1al\u00f3 el p\u00e1rroco de esa iglesia, Jorge Camacho, quien invit\u00f3 al p\u00fablico en general a participar de esta actividad para construir una ciudad y reconocernos como iguales, desde la apertura de mentes y de corazones.<\/p>\n<p>En su disertaci\u00f3n, Boaventura de Sousa, profundizar\u00e1 sobre la importancia que tiene la educaci\u00f3n dentro de los procesos de reconciliaci\u00f3n y paz. Adem\u00e1s, al concluir responder\u00e1 preguntas de los asistentes para propiciar el espacio de discusi\u00f3n del tema en referencia, desde su \u00f3ptica de investigador social.<\/p>\n","protected":false},"excerpt":{"rendered":"<p>Este jueves 15 de junio, a partir de las 4 pm, el soci\u00f3logo brasilero Boaventura de Sousa, dictar\u00e1 una conferencia sobre \u201cEducaci\u00f3n y paz\u201d en el atrio de los gentiles de la Iglesia de San Pedro Claver. El tema cobra especial importancia debido a que en el pa\u00eds se adelanta un paro de maestros, desde hace mes de un mes, sin que hasta ahora se haya logrado ning\u00fan acuerdo. El atrio de los gentiles de la Iglesia de San Pedro Claver se inici\u00f3 en la Semana Santa del a\u00f1o 2016,&#8230; <\/p>\n","protected":false},"author":3,"featured_media":0,"comment_status":"open","ping_status":"closed","sticky":false,"template":"","format":"standard","meta":{"footnotes":"","_links_to":"","_links_to_target":""},"categories":[2],"tags":[],"class_list":["post-20905","post","type-post","status-publish","format-standard","hentry","category-actualidad"],"_links":{"self":[{"href":"https:\/\/revistazetta.com\/index.php?rest_route=\/wp\/v2\/posts\/20905","targetHints":{"allow":["GET"]}}],"collection":[{"href":"https:\/\/revistazetta.com\/index.php?rest_route=\/wp\/v2\/posts"}],"about":[{"href":"https:\/\/revistazetta.com\/index.php?rest_route=\/wp\/v2\/types\/post"}],"author":[{"embeddable":true,"href":"https:\/\/revistazetta.com\/index.php?rest_route=\/wp\/v2\/users\/3"}],"replies":[{"embeddable":true,"href":"https:\/\/revistazetta.com\/index.php?rest_route=%2Fwp%2Fv2%2Fcomments&post=20905"}],"version-history":[{"count":0,"href":"https:\/\/revistazetta.com\/index.php?rest_route=\/wp\/v2\/posts\/20905\/revisions"}],"wp:attachment":[{"href":"https:\/\/revistazetta.com\/index.php?rest_route=%2Fwp%2Fv2%2Fmedia&parent=20905"}],"wp:term":[{"taxonomy":"category","embeddable":true,"href":"https:\/\/revistazetta.com\/index.php?rest_route=%2Fwp%2Fv2%2Fcategories&post=20905"},{"taxonomy":"post_tag","embeddable":true,"href":"https:\/\/revistazetta.com\/index.php?rest_route=%2Fwp%2Fv2%2Ftags&post=20905"}],"curies":[{"name":"wp","href":"https:\/\/api.w.org\/{rel}","templated":true}]}}