{"id":20969,"date":"2017-06-15T09:20:41","date_gmt":"2017-06-15T14:20:41","guid":{"rendered":"http:\/\/www.revistazetta.com\/?p=20969"},"modified":"2017-06-15T09:20:41","modified_gmt":"2017-06-15T14:20:41","slug":"galeria-manolo-reasumio-alcalde","status":"publish","type":"post","link":"https:\/\/revistazetta.com\/?p=20969","title":{"rendered":"Galer\u00eda: Manolo reasumi\u00f3 como alcalde"},"content":{"rendered":"<p>En el sal\u00f3n Vicente Mart\u00ednez de la Alcald\u00eda se efectu\u00f3 una rueda de prensa donde el alcalde Manolo Duque reasumi\u00f3 sus funciones y agradeci\u00f3 a Sergio Londo\u00f1o Zurek su gesti\u00f3n como alcalde encargado.<\/p>\n<div id=\"attachment_20967\" style=\"width: 310px\" class=\"wp-caption alignright\"><img loading=\"lazy\" decoding=\"async\" aria-describedby=\"caption-attachment-20967\" class=\"wp-image-20967 size-medium\" src=\"https:\/\/www.revistazetta.com\/wp-content\/uploads\/2017\/06\/ZZZ_7534-300x188.jpg\" alt=\"\" width=\"300\" height=\"188\" srcset=\"https:\/\/revistazetta.com\/wp-content\/uploads\/2017\/06\/ZZZ_7534-300x188.jpg 300w, https:\/\/revistazetta.com\/wp-content\/uploads\/2017\/06\/ZZZ_7534-234x146.jpg 234w, https:\/\/revistazetta.com\/wp-content\/uploads\/2017\/06\/ZZZ_7534-50x31.jpg 50w, https:\/\/revistazetta.com\/wp-content\/uploads\/2017\/06\/ZZZ_7534-120x75.jpg 120w, https:\/\/revistazetta.com\/wp-content\/uploads\/2017\/06\/ZZZ_7534.jpg 960w\" sizes=\"auto, (max-width: 300px) 100vw, 300px\" \/><p id=\"caption-attachment-20967\" class=\"wp-caption-text\">Manolo Duque reasumi\u00f3 como alcalde de Cartagena de Indias.<\/p><\/div>\n<div id=\"attachment_20963\" style=\"width: 310px\" class=\"wp-caption alignright\"><img loading=\"lazy\" decoding=\"async\" aria-describedby=\"caption-attachment-20963\" class=\"wp-image-20963 size-medium\" src=\"https:\/\/www.revistazetta.com\/wp-content\/uploads\/2017\/06\/ZZZ_7467-300x188.jpg\" alt=\"\" width=\"300\" height=\"188\" srcset=\"https:\/\/revistazetta.com\/wp-content\/uploads\/2017\/06\/ZZZ_7467-300x188.jpg 300w, https:\/\/revistazetta.com\/wp-content\/uploads\/2017\/06\/ZZZ_7467-234x146.jpg 234w, https:\/\/revistazetta.com\/wp-content\/uploads\/2017\/06\/ZZZ_7467-50x31.jpg 50w, https:\/\/revistazetta.com\/wp-content\/uploads\/2017\/06\/ZZZ_7467-120x75.jpg 120w, https:\/\/revistazetta.com\/wp-content\/uploads\/2017\/06\/ZZZ_7467.jpg 960w\" sizes=\"auto, (max-width: 300px) 100vw, 300px\" \/><p id=\"caption-attachment-20963\" class=\"wp-caption-text\">Teremar Londo\u00f1o Zurek, hermana de Sergio Londo\u00f1o Zurek, siempre a su lado.<\/p><\/div>\n<div id=\"attachment_20961\" style=\"width: 310px\" class=\"wp-caption alignright\"><img loading=\"lazy\" decoding=\"async\" aria-describedby=\"caption-attachment-20961\" class=\"wp-image-20961 size-medium\" src=\"https:\/\/www.revistazetta.com\/wp-content\/uploads\/2017\/06\/ZZZ_7459-300x188.jpg\" alt=\"\" width=\"300\" height=\"188\" srcset=\"https:\/\/revistazetta.com\/wp-content\/uploads\/2017\/06\/ZZZ_7459-300x188.jpg 300w, https:\/\/revistazetta.com\/wp-content\/uploads\/2017\/06\/ZZZ_7459-234x146.jpg 234w, https:\/\/revistazetta.com\/wp-content\/uploads\/2017\/06\/ZZZ_7459-50x31.jpg 50w, https:\/\/revistazetta.com\/wp-content\/uploads\/2017\/06\/ZZZ_7459-120x75.jpg 120w, https:\/\/revistazetta.com\/wp-content\/uploads\/2017\/06\/ZZZ_7459.jpg 960w\" sizes=\"auto, (max-width: 300px) 100vw, 300px\" \/><p id=\"caption-attachment-20961\" class=\"wp-caption-text\">Viviana S\u00e1nchez de Duque, siempre atenta a su esposo Manolo Duque.<\/p><\/div>\n<div id=\"attachment_20960\" style=\"width: 310px\" class=\"wp-caption alignright\"><img loading=\"lazy\" decoding=\"async\" aria-describedby=\"caption-attachment-20960\" class=\"wp-image-20960 size-medium\" src=\"https:\/\/www.revistazetta.com\/wp-content\/uploads\/2017\/06\/ZZZ_7455-300x188.jpg\" alt=\"\" width=\"300\" height=\"188\" srcset=\"https:\/\/revistazetta.com\/wp-content\/uploads\/2017\/06\/ZZZ_7455-300x188.jpg 300w, https:\/\/revistazetta.com\/wp-content\/uploads\/2017\/06\/ZZZ_7455-234x146.jpg 234w, https:\/\/revistazetta.com\/wp-content\/uploads\/2017\/06\/ZZZ_7455-50x31.jpg 50w, https:\/\/revistazetta.com\/wp-content\/uploads\/2017\/06\/ZZZ_7455-120x75.jpg 120w, https:\/\/revistazetta.com\/wp-content\/uploads\/2017\/06\/ZZZ_7455.jpg 960w\" sizes=\"auto, (max-width: 300px) 100vw, 300px\" \/><p id=\"caption-attachment-20960\" class=\"wp-caption-text\">Elsy Severiche, Juan Mendoza y Pablo Galindo, inscriptores del movimiento Primero la Gente.<\/p><\/div>\n<div id=\"attachment_20959\" style=\"width: 310px\" class=\"wp-caption alignright\"><img loading=\"lazy\" decoding=\"async\" aria-describedby=\"caption-attachment-20959\" class=\"wp-image-20959 size-medium\" src=\"https:\/\/www.revistazetta.com\/wp-content\/uploads\/2017\/06\/ZZZ_7431-300x188.jpg\" alt=\"\" width=\"300\" height=\"188\" srcset=\"https:\/\/revistazetta.com\/wp-content\/uploads\/2017\/06\/ZZZ_7431-300x188.jpg 300w, https:\/\/revistazetta.com\/wp-content\/uploads\/2017\/06\/ZZZ_7431-234x146.jpg 234w, https:\/\/revistazetta.com\/wp-content\/uploads\/2017\/06\/ZZZ_7431-50x31.jpg 50w, https:\/\/revistazetta.com\/wp-content\/uploads\/2017\/06\/ZZZ_7431-120x75.jpg 120w, https:\/\/revistazetta.com\/wp-content\/uploads\/2017\/06\/ZZZ_7431.jpg 960w\" sizes=\"auto, (max-width: 300px) 100vw, 300px\" \/><p id=\"caption-attachment-20959\" class=\"wp-caption-text\">Carlos Ardila Gonz\u00e1lez, director de Revista Metro.<\/p><\/div>\n<div id=\"attachment_20962\" style=\"width: 310px\" class=\"wp-caption alignright\"><img loading=\"lazy\" decoding=\"async\" aria-describedby=\"caption-attachment-20962\" class=\"wp-image-20962 size-medium\" src=\"https:\/\/www.revistazetta.com\/wp-content\/uploads\/2017\/06\/ZZZ_7466-300x188.jpg\" alt=\"\" width=\"300\" height=\"188\" srcset=\"https:\/\/revistazetta.com\/wp-content\/uploads\/2017\/06\/ZZZ_7466-300x188.jpg 300w, https:\/\/revistazetta.com\/wp-content\/uploads\/2017\/06\/ZZZ_7466-234x146.jpg 234w, https:\/\/revistazetta.com\/wp-content\/uploads\/2017\/06\/ZZZ_7466-50x31.jpg 50w, https:\/\/revistazetta.com\/wp-content\/uploads\/2017\/06\/ZZZ_7466-120x75.jpg 120w, https:\/\/revistazetta.com\/wp-content\/uploads\/2017\/06\/ZZZ_7466.jpg 960w\" sizes=\"auto, (max-width: 300px) 100vw, 300px\" \/><p id=\"caption-attachment-20962\" class=\"wp-caption-text\">Viviana S\u00e1nchez, Luz Estela C\u00e1ceres, Patricia Zapara, Gregorio Rico y Claudia Carmona.<\/p><\/div>\n<p><img loading=\"lazy\" decoding=\"async\" class=\"alignright size-medium wp-image-20968\" src=\"https:\/\/www.revistazetta.com\/wp-content\/uploads\/2017\/06\/ZZZ_7541-300x188.jpg\" alt=\"\" width=\"300\" height=\"188\" srcset=\"https:\/\/revistazetta.com\/wp-content\/uploads\/2017\/06\/ZZZ_7541-300x188.jpg 300w, https:\/\/revistazetta.com\/wp-content\/uploads\/2017\/06\/ZZZ_7541-234x146.jpg 234w, https:\/\/revistazetta.com\/wp-content\/uploads\/2017\/06\/ZZZ_7541-50x31.jpg 50w, https:\/\/revistazetta.com\/wp-content\/uploads\/2017\/06\/ZZZ_7541-120x75.jpg 120w, https:\/\/revistazetta.com\/wp-content\/uploads\/2017\/06\/ZZZ_7541.jpg 960w\" sizes=\"auto, (max-width: 300px) 100vw, 300px\" \/> <img loading=\"lazy\" decoding=\"async\" class=\"alignright size-medium wp-image-20966\" src=\"https:\/\/www.revistazetta.com\/wp-content\/uploads\/2017\/06\/ZZZ_7519-300x188.jpg\" alt=\"\" width=\"300\" height=\"188\" srcset=\"https:\/\/revistazetta.com\/wp-content\/uploads\/2017\/06\/ZZZ_7519-300x188.jpg 300w, https:\/\/revistazetta.com\/wp-content\/uploads\/2017\/06\/ZZZ_7519-234x146.jpg 234w, https:\/\/revistazetta.com\/wp-content\/uploads\/2017\/06\/ZZZ_7519-50x31.jpg 50w, https:\/\/revistazetta.com\/wp-content\/uploads\/2017\/06\/ZZZ_7519-120x75.jpg 120w, https:\/\/revistazetta.com\/wp-content\/uploads\/2017\/06\/ZZZ_7519.jpg 960w\" sizes=\"auto, (max-width: 300px) 100vw, 300px\" \/> <img loading=\"lazy\" decoding=\"async\" class=\"alignright size-medium wp-image-20965\" src=\"https:\/\/www.revistazetta.com\/wp-content\/uploads\/2017\/06\/ZZZ_7495-300x188.jpg\" alt=\"\" width=\"300\" height=\"188\" srcset=\"https:\/\/revistazetta.com\/wp-content\/uploads\/2017\/06\/ZZZ_7495-300x188.jpg 300w, https:\/\/revistazetta.com\/wp-content\/uploads\/2017\/06\/ZZZ_7495-234x146.jpg 234w, https:\/\/revistazetta.com\/wp-content\/uploads\/2017\/06\/ZZZ_7495-50x31.jpg 50w, https:\/\/revistazetta.com\/wp-content\/uploads\/2017\/06\/ZZZ_7495-120x75.jpg 120w, https:\/\/revistazetta.com\/wp-content\/uploads\/2017\/06\/ZZZ_7495.jpg 960w\" sizes=\"auto, (max-width: 300px) 100vw, 300px\" \/> <img loading=\"lazy\" decoding=\"async\" class=\"alignright size-medium wp-image-20964\" src=\"https:\/\/www.revistazetta.com\/wp-content\/uploads\/2017\/06\/ZZZ_7476-300x188.jpg\" alt=\"\" width=\"300\" height=\"188\" srcset=\"https:\/\/revistazetta.com\/wp-content\/uploads\/2017\/06\/ZZZ_7476-300x188.jpg 300w, https:\/\/revistazetta.com\/wp-content\/uploads\/2017\/06\/ZZZ_7476-234x146.jpg 234w, https:\/\/revistazetta.com\/wp-content\/uploads\/2017\/06\/ZZZ_7476-50x31.jpg 50w, https:\/\/revistazetta.com\/wp-content\/uploads\/2017\/06\/ZZZ_7476-120x75.jpg 120w, https:\/\/revistazetta.com\/wp-content\/uploads\/2017\/06\/ZZZ_7476.jpg 960w\" sizes=\"auto, (max-width: 300px) 100vw, 300px\" \/><\/p>\n","protected":false},"excerpt":{"rendered":"<p>En el sal\u00f3n Vicente Mart\u00ednez de la Alcald\u00eda se efectu\u00f3 una rueda de prensa donde el alcalde Manolo Duque reasumi\u00f3 sus funciones y agradeci\u00f3 a Sergio Londo\u00f1o Zurek su gesti\u00f3n como alcalde encargado.<\/p>\n","protected":false},"author":3,"featured_media":20968,"comment_status":"open","ping_status":"closed","sticky":false,"template":"","format":"standard","meta":{"footnotes":"","_links_to":"","_links_to_target":""},"categories":[92],"tags":[],"class_list":["post-20969","post","type-post","status-publish","format-standard","has-post-thumbnail","hentry","category-galeria"],"_links":{"self":[{"href":"https:\/\/revistazetta.com\/index.php?rest_route=\/wp\/v2\/posts\/20969","targetHints":{"allow":["GET"]}}],"collection":[{"href":"https:\/\/revistazetta.com\/index.php?rest_route=\/wp\/v2\/posts"}],"about":[{"href":"https:\/\/revistazetta.com\/index.php?rest_route=\/wp\/v2\/types\/post"}],"author":[{"embeddable":true,"href":"https:\/\/revistazetta.com\/index.php?rest_route=\/wp\/v2\/users\/3"}],"replies":[{"embeddable":true,"href":"https:\/\/revistazetta.com\/index.php?rest_route=%2Fwp%2Fv2%2Fcomments&post=20969"}],"version-history":[{"count":0,"href":"https:\/\/revistazetta.com\/index.php?rest_route=\/wp\/v2\/posts\/20969\/revisions"}],"wp:featuredmedia":[{"embeddable":true,"href":"https:\/\/revistazetta.com\/index.php?rest_route=\/wp\/v2\/media\/20968"}],"wp:attachment":[{"href":"https:\/\/revistazetta.com\/index.php?rest_route=%2Fwp%2Fv2%2Fmedia&parent=20969"}],"wp:term":[{"taxonomy":"category","embeddable":true,"href":"https:\/\/revistazetta.com\/index.php?rest_route=%2Fwp%2Fv2%2Fcategories&post=20969"},{"taxonomy":"post_tag","embeddable":true,"href":"https:\/\/revistazetta.com\/index.php?rest_route=%2Fwp%2Fv2%2Ftags&post=20969"}],"curies":[{"name":"wp","href":"https:\/\/api.w.org\/{rel}","templated":true}]}}