{"id":20976,"date":"2017-06-15T22:08:31","date_gmt":"2017-06-16T03:08:31","guid":{"rendered":"http:\/\/www.revistazetta.com\/?p=20976"},"modified":"2017-06-15T22:25:41","modified_gmt":"2017-06-16T03:25:41","slug":"quisiera-los-socios-funcicar-no-violen-la-ley-lo-hacen-sin-reciban-criticas-cesar-pion","status":"publish","type":"post","link":"https:\/\/revistazetta.com\/?p=20976","title":{"rendered":"\u201cYo quisiera que los socios de Funcicar no violen la ley, pero lo hacen, sin que reciban cr\u00edticas\u201d: C\u00e9sar Pi\u00f3n"},"content":{"rendered":"<p>Una acentuada cr\u00edtica a Funcicar y estamentos de esa \u00f3rbita empresarial plasm\u00f3 el concejal C\u00e9sar Pi\u00f3n, quien a la par que propuso que el Concejo tenga su propio observatorio, se\u00f1al\u00f3 que \u201cyo quisiera que los socios de Funcicar no violen la ley, pero lo hacen, sin que reciban cr\u00edticas\u201d.<\/p>\n<p>Seg\u00fan un comunicado oficial del Concejo, mediante una proposici\u00f3n que fue aprobada un\u00e1nimemente, el concejal C\u00e9sar Pi\u00f3n Gonz\u00e1lez propuso crear un observatorio para evaluar el papel del Concejo de Cartagena, \u00a0despu\u00e9s de criticar las formas de medici\u00f3n que utiliza la Fundaci\u00f3n C\u00edvica por Cartagena (Funcicar).<\/p>\n<p>Pi\u00f3n Gonz\u00e1lez se fue lanza en ristre contra Funcicar, advirtiendo que est\u00e1 de acuerdo que el Concejo sea medido. \u201cNo podemos asfixiar a los veedores, pero ocurre que las reglas del juego deben ser elaboradas entre las partes porque hay mucha subjetividad en lo que hace Funcicar. La cr\u00edtica es objetiva, pues en cuatro periodos consecutivos he ocupado el primer puesto, pero me mueve una realidad que surge porque me he dado cuenta que se deben evaluar los socios de Funcicar. El problema es que si Funcicar surge para evaluar lo p\u00fablico, tambi\u00e9n se debe medir lo privado\u201d, dijo.<\/p>\n<p>Pi\u00f3n cuestion\u00f3 el accionar de los socios de Funcicar y se\u00f1al\u00f3 que ya basta de se\u00f1alamientos subjetivos a la actuaci\u00f3n del Concejo. \u201cLos pol\u00edticos no somos bandidos\u201d, enfatiz\u00f3 el concejal Pi\u00f3n Gonz\u00e1lez.<\/p>\n<p>\u201cEl Club de Pesca fue reformado con un dise\u00f1o moderno, y nadie dijo nada; un reconocido hotel construy\u00f3 una torre en una salida natural de agua de la Ci\u00e9naga de La Virgen y construy\u00f3 un centro de convenciones en zona de bajamar; y as\u00ed los empresarios han hecho muchas cosas, que para la sociedad est\u00e1n bien hechas porque nadie las cr\u00edtica.<\/p>\n<p>Al t\u00e9rmino de\u00a0 la intervenci\u00f3n de Pi\u00f3n, el presidente del Concejo, Lewis Montero Polo, manifest\u00f3 su respaldo a la intervenci\u00f3n, al igual que el concejal, Luis Cassiani Valiente, quien recalc\u00f3 que Funcicar debe cambiar su forma de medir a las corporaciones.<\/p>\n<p>\u201cEste a\u00f1o conocimos un informe de Funcicar y el se\u00f1or Juan Camilo Olivera revel\u00f3 supuestos hallazgos, lo que fue refutado de inmediato. Es que Funcicar no es la Fiscal\u00eda privada del Concejo. Yo le digo a los industriales, socios de Funcicar que nadie vigila sus fundaciones, que solo invierten en barrios aleda\u00f1os a Mamonal, mientras \u00bfel resto de la ciudad qu\u00e9?\u201d, sostuvo Cassiani.<\/p>\n<p>As\u00ed mismo, el concejal Jorge Useche brind\u00f3 su respaldo a la intervenci\u00f3n de C\u00e9sar Pi\u00f3n y recalc\u00f3 que no est\u00e1 de acuerdo con la forma subjetiva como Funcicar mide a los concejales. \u201cEn una de las mediciones realizadas puso al concejal William P\u00e9rez en el \u00faltimo puesto, pero \u00e9ste fue reelegido. Es decir no pas\u00f3 el examen de Funcicar, pero si gan\u00f3 las elecciones y fue reelegido por el pueblo\u201d, indic\u00f3.<\/p>\n<p>De igual forma, el concejal, David Caballero, respald\u00f3 a C\u00e9sar Pi\u00f3n y se\u00f1al\u00f3 que los concejales son elegidos por los cartageneros y que la subjetividad con qu\u00e9 esta entidad realiza las mediciones no son de buen recibo.<\/p>\n","protected":false},"excerpt":{"rendered":"<p>Una acentuada cr\u00edtica a Funcicar y estamentos de esa \u00f3rbita empresarial plasm\u00f3 el concejal C\u00e9sar Pi\u00f3n, quien a la par que propuso que el Concejo tenga su propio observatorio, se\u00f1al\u00f3 que \u201cyo quisiera que los socios de Funcicar no violen la ley, pero lo hacen, sin que reciban cr\u00edticas\u201d. Seg\u00fan un comunicado oficial del Concejo, mediante una proposici\u00f3n que fue aprobada un\u00e1nimemente, el concejal C\u00e9sar Pi\u00f3n Gonz\u00e1lez propuso crear un observatorio para evaluar el papel del Concejo de Cartagena, \u00a0despu\u00e9s de criticar las formas de medici\u00f3n que utiliza la Fundaci\u00f3n&#8230; <\/p>\n","protected":false},"author":3,"featured_media":20977,"comment_status":"open","ping_status":"closed","sticky":false,"template":"","format":"standard","meta":{"footnotes":"","_links_to":"","_links_to_target":""},"categories":[4,27,75],"tags":[],"class_list":["post-20976","post","type-post","status-publish","format-standard","has-post-thumbnail","hentry","category-politica","category-politicaconcejo","category-destacada"],"_links":{"self":[{"href":"https:\/\/revistazetta.com\/index.php?rest_route=\/wp\/v2\/posts\/20976","targetHints":{"allow":["GET"]}}],"collection":[{"href":"https:\/\/revistazetta.com\/index.php?rest_route=\/wp\/v2\/posts"}],"about":[{"href":"https:\/\/revistazetta.com\/index.php?rest_route=\/wp\/v2\/types\/post"}],"author":[{"embeddable":true,"href":"https:\/\/revistazetta.com\/index.php?rest_route=\/wp\/v2\/users\/3"}],"replies":[{"embeddable":true,"href":"https:\/\/revistazetta.com\/index.php?rest_route=%2Fwp%2Fv2%2Fcomments&post=20976"}],"version-history":[{"count":0,"href":"https:\/\/revistazetta.com\/index.php?rest_route=\/wp\/v2\/posts\/20976\/revisions"}],"wp:featuredmedia":[{"embeddable":true,"href":"https:\/\/revistazetta.com\/index.php?rest_route=\/wp\/v2\/media\/20977"}],"wp:attachment":[{"href":"https:\/\/revistazetta.com\/index.php?rest_route=%2Fwp%2Fv2%2Fmedia&parent=20976"}],"wp:term":[{"taxonomy":"category","embeddable":true,"href":"https:\/\/revistazetta.com\/index.php?rest_route=%2Fwp%2Fv2%2Fcategories&post=20976"},{"taxonomy":"post_tag","embeddable":true,"href":"https:\/\/revistazetta.com\/index.php?rest_route=%2Fwp%2Fv2%2Ftags&post=20976"}],"curies":[{"name":"wp","href":"https:\/\/api.w.org\/{rel}","templated":true}]}}