{"id":20982,"date":"2017-06-16T05:51:18","date_gmt":"2017-06-16T10:51:18","guid":{"rendered":"http:\/\/www.revistazetta.com\/?p=20982"},"modified":"2017-06-16T07:52:08","modified_gmt":"2017-06-16T12:52:08","slug":"inician-estudios-grietas-cerro-la-popa","status":"publish","type":"post","link":"https:\/\/revistazetta.com\/?p=20982","title":{"rendered":"Inician estudios por grietas en cerro de la Popa"},"content":{"rendered":"<blockquote><p><strong><em>El convenio es por $476.200.000, de los cuales, la Alcald\u00eda de Cartagena, aporta $416.200.000 y la Universidad de Cartagena los $60.000.000 restantes, a trav\u00e9s del aporte de sus profesionales expertos y de sus equipos.<\/em><\/strong><\/p><\/blockquote>\n<p>La Secretar\u00eda de Infraestructura y la Universidad de Cartagena iniciaron los estudios especializados en el Cerro de la Popa que permitir\u00e1n diagnosticar la situaci\u00f3n actual del agrietamiento en la piedra donde se encuentra ubicado el Convento de Santa Cruz de la Popa, con el fin mitigar cualquier riesgo que puedan sufrir los habitantes de las faldas del cerro y sus alrededores y adem\u00e1s buscando preservar el dicho monumento.<\/p>\n<p>El secretario de Infraestructura Distrital, Jos\u00e9 Santiago Carrasquilla Sotomayor, inform\u00f3 que, \u201cdesde las 8 de la ma\u00f1ana estamos en el Cerro de la Popa, realizando una lectura de datos de vibraciones que se producen con el acceso de los veh\u00edculos, de igual manera con georadares estamos haciendo un recorrido en toda la estructura que involucra la edificaci\u00f3n, en donde se va analizando como est\u00e1 la caliza y se tendr\u00e1 una radiograf\u00eda del estado actual del suelo que est\u00e1 debajo del Convento\u201d.<\/p>\n<p>El Secretario de Infraestructura explic\u00f3 adem\u00e1s que \u201cde igual forma se va a continuar todos estos d\u00edas con tomograf\u00edas geo el\u00e9ctricas, resonancias de ondas el\u00e9ctricas las cuales determinar\u00e1n a grandes rasgos como est\u00e1 conformado el suelo; todos estos estudios que se est\u00e1n generando son precisamente para conocer cual es el estado actual del Cerro de la Popa y las soluciones que se van a dar\u201d.<\/p>\n<p>Por su parte el ingeniero civil y coordinador t\u00e9cnico del convenio con la Universidad de Cartagena, Guilian Barbosa Miranda, asegur\u00f3 que \u201cpara estos estudios, que determinar\u00e1n que tanto afectan las vibraciones producidas por el tr\u00e1nsito vehicular en la zona y el estado de la caliza, se utilizan equipos especializados, los cuales est\u00e1n son manejados y dirigidos por un personal conformado por ingenieros civiles con maestr\u00eda en geof\u00edsica, ge\u00f3logos, ingenieros geotecnistas, ingenieros estructurales, forestales, entre otros para brindar una soluci\u00f3n integral al talud del Santo del Cabr\u00f3n\u201c.<\/p>\n<p>Carrasquilla Sotomayor recalc\u00f3, que a medida que los expertos de la UdC vayan identificando las posibles soluciones, se le informar\u00e1 de manera inmediata al Distrito de las obras que deben realizarse, para que desde la Secretaria de Infraestructura se avance tempranamente en la soluci\u00f3n y no necesariamente se tenga que esperar hasta que finalicen los estudios.<\/p>\n","protected":false},"excerpt":{"rendered":"<p>El convenio es por $476.200.000, de los cuales, la Alcald\u00eda de Cartagena, aporta $416.200.000 y la Universidad de Cartagena los $60.000.000 restantes, a trav\u00e9s del aporte de sus profesionales expertos y de sus equipos. La Secretar\u00eda de Infraestructura y la Universidad de Cartagena iniciaron los estudios especializados en el Cerro de la Popa que permitir\u00e1n diagnosticar la situaci\u00f3n actual del agrietamiento en la piedra donde se encuentra ubicado el Convento de Santa Cruz de la Popa, con el fin mitigar cualquier riesgo que puedan sufrir los habitantes de las faldas&#8230; <\/p>\n","protected":false},"author":3,"featured_media":20994,"comment_status":"open","ping_status":"closed","sticky":false,"template":"","format":"standard","meta":{"footnotes":"","_links_to":"","_links_to_target":""},"categories":[32],"tags":[],"class_list":["post-20982","post","type-post","status-publish","format-standard","has-post-thumbnail","hentry","category-actualidad-distrito"],"_links":{"self":[{"href":"https:\/\/revistazetta.com\/index.php?rest_route=\/wp\/v2\/posts\/20982","targetHints":{"allow":["GET"]}}],"collection":[{"href":"https:\/\/revistazetta.com\/index.php?rest_route=\/wp\/v2\/posts"}],"about":[{"href":"https:\/\/revistazetta.com\/index.php?rest_route=\/wp\/v2\/types\/post"}],"author":[{"embeddable":true,"href":"https:\/\/revistazetta.com\/index.php?rest_route=\/wp\/v2\/users\/3"}],"replies":[{"embeddable":true,"href":"https:\/\/revistazetta.com\/index.php?rest_route=%2Fwp%2Fv2%2Fcomments&post=20982"}],"version-history":[{"count":0,"href":"https:\/\/revistazetta.com\/index.php?rest_route=\/wp\/v2\/posts\/20982\/revisions"}],"wp:featuredmedia":[{"embeddable":true,"href":"https:\/\/revistazetta.com\/index.php?rest_route=\/wp\/v2\/media\/20994"}],"wp:attachment":[{"href":"https:\/\/revistazetta.com\/index.php?rest_route=%2Fwp%2Fv2%2Fmedia&parent=20982"}],"wp:term":[{"taxonomy":"category","embeddable":true,"href":"https:\/\/revistazetta.com\/index.php?rest_route=%2Fwp%2Fv2%2Fcategories&post=20982"},{"taxonomy":"post_tag","embeddable":true,"href":"https:\/\/revistazetta.com\/index.php?rest_route=%2Fwp%2Fv2%2Ftags&post=20982"}],"curies":[{"name":"wp","href":"https:\/\/api.w.org\/{rel}","templated":true}]}}