{"id":21025,"date":"2017-06-20T20:48:40","date_gmt":"2017-06-21T01:48:40","guid":{"rendered":"http:\/\/www.revistazetta.com\/?p=21025"},"modified":"2017-06-20T20:48:40","modified_gmt":"2017-06-21T01:48:40","slug":"dumek-afino-detalles-bogota-aprobaton","status":"publish","type":"post","link":"https:\/\/revistazetta.com\/?p=21025","title":{"rendered":"Dumek afin\u00f3 detalles en Bogot\u00e1 para el \u00abAprobat\u00f3n\u00bb"},"content":{"rendered":"<p dir=\"ltr\">Con miras a la gran \u2018Aprobat\u00f3n\u2019 de proyectos que tendr\u00e1 como fecha central el pr\u00f3ximo 28 de junio, el gobernador de Bol\u00edvar, Dumek Turbay Paz, viaj\u00f3 a la capital del pa\u00eds para ultimar detalles de lo que ser\u00e1 una jornada nunca antes vista y que busca acelerar la viabilidad de aquellos proyectos que mejoran la calidad de vida en la regi\u00f3n Caribe en materia de Protecci\u00f3n y mitigaci\u00f3n del riesgo, v\u00edas terciarias y saneamiento b\u00e1sico, entre otros. Entidades de orden nacional como el Fondo de Adaptaci\u00f3n, Departamento Nacional de Planeaci\u00f3n, Unidad Nacional de Gesti\u00f3n del riesgo, Inv\u00edas y Ministerio de Transporte, entre otras, participaran de este importante suceso.<\/p>\n<p dir=\"ltr\">El mandatario resalt\u00f3 el apoyo y acompa\u00f1amiento t\u00e9cnico permanente que ha recibido el gobierno departamental de la Federaci\u00f3n Nacional de Departamentos y de su director Plinio Olano. \u201cTenemos grandes aliados en el Gobierno Nacional que han sido fundamentales en todo de este camino para apalancar recursos en pro del desarrollo de Bol\u00edvar\u201d, manifest\u00f3 Turbay.<\/p>\n<p dir=\"ltr\">A su vez, sostuvo un encuentro con Ariel Aduen, director del Fondo Financiero de Proyectos de Desarrollo- FONADE para hacer seguimiento a la legalizaci\u00f3n de convenios que van a generar los contratos de construcci\u00f3n del alcantarillado de El Carmen y el acueducto de San Juan Nepomuceno. Adem\u00e1s, pidi\u00f3 a esta entidad su asesor\u00eda para resolver los problemas de relleno sanitario de la Depresi\u00f3n Momposina y el Magdalena Medio.<\/p>\n<p dir=\"ltr\">Durante su visita a Bogot\u00e1 tambi\u00e9n convers\u00f3 con Luis Fernando Mej\u00eda, director del Departamento Nacional de Planeaci\u00f3n-DNP sobre la importancia de presentar buenos proyectos para que sean aprobados a la mayor brevedad y seguir avanzando para brindar lo mejor a los bolivarenses.<\/p>\n","protected":false},"excerpt":{"rendered":"<p>Con miras a la gran \u2018Aprobat\u00f3n\u2019 de proyectos que tendr\u00e1 como fecha central el pr\u00f3ximo 28 de junio, el gobernador de Bol\u00edvar, Dumek Turbay Paz, viaj\u00f3 a la capital del pa\u00eds para ultimar detalles de lo que ser\u00e1 una jornada nunca antes vista y que busca acelerar la viabilidad de aquellos proyectos que mejoran la calidad de vida en la regi\u00f3n Caribe en materia de Protecci\u00f3n y mitigaci\u00f3n del riesgo, v\u00edas terciarias y saneamiento b\u00e1sico, entre otros. Entidades de orden nacional como el Fondo de Adaptaci\u00f3n, Departamento Nacional de Planeaci\u00f3n,&#8230; <\/p>\n","protected":false},"author":3,"featured_media":0,"comment_status":"open","ping_status":"closed","sticky":false,"template":"","format":"standard","meta":{"footnotes":"","_links_to":"","_links_to_target":""},"categories":[80],"tags":[],"class_list":["post-21025","post","type-post","status-publish","format-standard","hentry","category-region"],"_links":{"self":[{"href":"https:\/\/revistazetta.com\/index.php?rest_route=\/wp\/v2\/posts\/21025","targetHints":{"allow":["GET"]}}],"collection":[{"href":"https:\/\/revistazetta.com\/index.php?rest_route=\/wp\/v2\/posts"}],"about":[{"href":"https:\/\/revistazetta.com\/index.php?rest_route=\/wp\/v2\/types\/post"}],"author":[{"embeddable":true,"href":"https:\/\/revistazetta.com\/index.php?rest_route=\/wp\/v2\/users\/3"}],"replies":[{"embeddable":true,"href":"https:\/\/revistazetta.com\/index.php?rest_route=%2Fwp%2Fv2%2Fcomments&post=21025"}],"version-history":[{"count":0,"href":"https:\/\/revistazetta.com\/index.php?rest_route=\/wp\/v2\/posts\/21025\/revisions"}],"wp:attachment":[{"href":"https:\/\/revistazetta.com\/index.php?rest_route=%2Fwp%2Fv2%2Fmedia&parent=21025"}],"wp:term":[{"taxonomy":"category","embeddable":true,"href":"https:\/\/revistazetta.com\/index.php?rest_route=%2Fwp%2Fv2%2Fcategories&post=21025"},{"taxonomy":"post_tag","embeddable":true,"href":"https:\/\/revistazetta.com\/index.php?rest_route=%2Fwp%2Fv2%2Ftags&post=21025"}],"curies":[{"name":"wp","href":"https:\/\/api.w.org\/{rel}","templated":true}]}}