{"id":21375,"date":"2017-07-15T07:21:16","date_gmt":"2017-07-15T12:21:16","guid":{"rendered":"http:\/\/www.revistazetta.com\/?p=21375"},"modified":"2017-07-16T12:17:31","modified_gmt":"2017-07-16T17:17:31","slug":"festivandas-2017-rinde-homenaje-autor-fiesta-turbaco","status":"publish","type":"post","link":"https:\/\/revistazetta.com\/?p=21375","title":{"rendered":"Festivandas 2017 rinde homenaje a autor de \u201cFiesta en Turbaco\u201d"},"content":{"rendered":"<p>El Festival Departamental de Bandas, Festibandas 2017, rendir\u00e1 homenaje al compositor Alberto Morales Betancourt, autor de insignes temas como \u201cFiesta en Turbaco\u201d.<\/p>\n<p>El lanzamiento de este gran evento ser\u00e1 el 18 de julio en el baluarte de San Ignacio, a las 7 de la noche, y contar\u00e1 con la presencia del gobernador de Bol\u00edvar, Dumek Turbay; la directora General de Icultur, Lucy Espinosa; y del propio Alberto Morales Betancourt, insigne m\u00fasico y compositor que naci\u00f3 en Barranquilla pero fue bautizado en Turbaco, quien ser\u00e1 el homenajeado en esta quinta versi\u00f3n.<\/p>\n<p>El maestro Morales Betancourt es el compositor de canciones como \u201cSoy Sabanero\u201d, \u201cRecuerdo de Carnaval\u201d, \u201cAlegr\u00eda y Tristeza\u201d, \u201cEl Porro y la Cumbia\u201d, entre otras que asegura suman m\u00e1s de dos mil temas registrados. Su vocaci\u00f3n por la m\u00fasica se inici\u00f3 desde temprana edad, toda vez que, dice el maestro, su mam\u00e1 aseguraba que no lloraba sino que ped\u00eda las cosas cantando.<\/p>\n<p>Para esta quinta versi\u00f3n se inscribieron 16 bandas de las cuales solo 11 de igual n\u00famero de municipios de Bol\u00edvar cumplieron con los requisitos estipulados por la organizaci\u00f3n. Estas 11 bandas participar\u00e1n en una competencia de dos d\u00edas, para elegir finalmente a la ganadora de este a\u00f1o, la cual recibir\u00e1 como premio el ya tradicional viaje de intercambio cultural al exterior. Las que ocupen el segundo y tercer lugar reciben una dotaci\u00f3n de hasta 25 instrumentos musicales.<\/p>\n<p>En la quinta versi\u00f3n del Festibandas participan la banda 2 de Febrero de Barranco de Loba, Lucho Berm\u00fadez de El Carmen de Bol\u00edvar, la 29 de Junio de C\u00f3rdoba Tet\u00f3n, la Escuela de Formaci\u00f3n Art\u00edstica de Cantagallo, la Escuela Municipal de M\u00fasica de Viento de Mahates, la 16 de Mayo de San Juan Nepomuceno, la 16 de Julio de San Estanislao de Kostka, la banda Michi Sarmiento de Soplaviento, la 23 de Noviembre de Santa Rosa del Sur, la 25 de Noviembre de Santa Catalina y la banda Julio Meza Solipaz de Turbana.<\/p>\n<p>Este a\u00f1o las competencias se inician el 4 de agosto en el parque L\u00e1cides Segovia en Manga a partir de las 6:00 p.m. y la final del Festival se realizar\u00e1 en Centro de Convenciones a partir de las 5:00 p.m.. Adem\u00e1s de estos dos eventos principales, en diferentes lugares de la ciudad se vivir\u00e1n retretas con las bandas participantes el s\u00e1bado 5 de agosto, a partir de las 5:00 p.m. Ser\u00e1 en las Plazas De La Paz, San Diego, La Trinidad; en el Parque Esp\u00edritu del Manglar; Parque de Bol\u00edvar; Parque Fern\u00e1ndez de Madrid y el Centro Comercial Mall Plaza.<\/p>\n<p>As\u00ed las cosas, todo est\u00e1 listo para el gran lanzamiento de una fiesta en la que Cartagena es el mejor escenario, toda vez que en el \u201cCorralito de Piedra\u201d convergen personas de diferentes partes de la provincia bolivarense, amantes de la m\u00fasica de bandas que asisten a los eventos, los cuales son gratuitos.<\/p>\n<p>El Festibandas funciona tambi\u00e9n como un importante semillero para el rescate de la m\u00fasica de bandas en Bol\u00edvar, por la gran cantidad de ni\u00f1os y j\u00f3venes que participan y contin\u00faan los procesos de formaci\u00f3n musical durante todo el a\u00f1o.<\/p>\n","protected":false},"excerpt":{"rendered":"<p>El Festival Departamental de Bandas, Festibandas 2017, rendir\u00e1 homenaje al compositor Alberto Morales Betancourt, autor de insignes temas como \u201cFiesta en Turbaco\u201d. El lanzamiento de este gran evento ser\u00e1 el 18 de julio en el baluarte de San Ignacio, a las 7 de la noche, y contar\u00e1 con la presencia del gobernador de Bol\u00edvar, Dumek Turbay; la directora General de Icultur, Lucy Espinosa; y del propio Alberto Morales Betancourt, insigne m\u00fasico y compositor que naci\u00f3 en Barranquilla pero fue bautizado en Turbaco, quien ser\u00e1 el homenajeado en esta quinta versi\u00f3n&#8230;. <\/p>\n","protected":false},"author":3,"featured_media":21380,"comment_status":"open","ping_status":"closed","sticky":false,"template":"","format":"standard","meta":{"footnotes":"","_links_to":"","_links_to_target":""},"categories":[41,43],"tags":[],"class_list":["post-21375","post","type-post","status-publish","format-standard","has-post-thumbnail","hentry","category-cultura","category-cultura-musica"],"_links":{"self":[{"href":"https:\/\/revistazetta.com\/index.php?rest_route=\/wp\/v2\/posts\/21375","targetHints":{"allow":["GET"]}}],"collection":[{"href":"https:\/\/revistazetta.com\/index.php?rest_route=\/wp\/v2\/posts"}],"about":[{"href":"https:\/\/revistazetta.com\/index.php?rest_route=\/wp\/v2\/types\/post"}],"author":[{"embeddable":true,"href":"https:\/\/revistazetta.com\/index.php?rest_route=\/wp\/v2\/users\/3"}],"replies":[{"embeddable":true,"href":"https:\/\/revistazetta.com\/index.php?rest_route=%2Fwp%2Fv2%2Fcomments&post=21375"}],"version-history":[{"count":0,"href":"https:\/\/revistazetta.com\/index.php?rest_route=\/wp\/v2\/posts\/21375\/revisions"}],"wp:featuredmedia":[{"embeddable":true,"href":"https:\/\/revistazetta.com\/index.php?rest_route=\/wp\/v2\/media\/21380"}],"wp:attachment":[{"href":"https:\/\/revistazetta.com\/index.php?rest_route=%2Fwp%2Fv2%2Fmedia&parent=21375"}],"wp:term":[{"taxonomy":"category","embeddable":true,"href":"https:\/\/revistazetta.com\/index.php?rest_route=%2Fwp%2Fv2%2Fcategories&post=21375"},{"taxonomy":"post_tag","embeddable":true,"href":"https:\/\/revistazetta.com\/index.php?rest_route=%2Fwp%2Fv2%2Ftags&post=21375"}],"curies":[{"name":"wp","href":"https:\/\/api.w.org\/{rel}","templated":true}]}}