{"id":21383,"date":"2017-07-15T08:49:04","date_gmt":"2017-07-15T13:49:04","guid":{"rendered":"http:\/\/www.revistazetta.com\/?p=21383"},"modified":"2017-07-17T06:58:57","modified_gmt":"2017-07-17T11:58:57","slug":"orbita-politica-john-zamora-sabado-15-julio","status":"publish","type":"post","link":"https:\/\/revistazetta.com\/?p=21383","title":{"rendered":"\u00d3rbita Pol\u00edtica de John Zamora \u2013 s\u00e1bado 15 de julio"},"content":{"rendered":"<p><strong>Lleg\u00f3 Ordosgoitia<\/strong><\/p>\n<p>Un par de visitas al Despacho de Manolo en los \u00faltimos d\u00edas hicieron sospechar que Johny Ordosgoitia \u201col\u00eda\u201d a gabinete. Dada su conocida cercan\u00eda con el cacerismo, y al que al confirmarse la salida de Luz Estela C\u00e1ceres de la Secretar\u00eda General, a nadie sorprendi\u00f3 que resultara sustituy\u00e9ndola en el cargo. Se posesion\u00f3 este viernes.<\/p>\n<p>Johny es hermano de Germ\u00e1n Ordosgoitia, quien aspir\u00f3 a la C\u00e1mara hace un par de periodos por Cambio Radical y no result\u00f3 electo, pero se recuerda su acentuada batalla jur\u00eddica contra Hernando Padau\u00ed, una pugna con mucho ruido y muchas denuncias.<\/p>\n<p>&nbsp;<\/p>\n<p><strong>Se fue Zambrano<\/strong><\/p>\n<p>Agradecido con el gobernador Dumek Turbay y con el equipo de la Secretar\u00eda del interior, se retir\u00f3 de la Gobernaci\u00f3n de Bol\u00edvar quien lideraba el \u00e1rea de gesti\u00f3n y prevenci\u00f3n del riesgo, Ariel Zambrano. Adujo moitovos personales.<\/p>\n<p>&nbsp;<\/p>\n<p><strong>El pechich\u00f3n del Elsa<\/strong><\/p>\n<p>La ministra Elsa Noguera no solo es reconocida por la excelencia en los cargos que ocupa, sino por su gran carisma. En la entrega de 400 t\u00edtulos de propiedad a familias cartageneras, la comunidad no solo sinti\u00f3 que el Estado de verdad les estaba acompa\u00f1ando en su progreso y en el logro de viejas aspiraciones, sino que, adem\u00e1s, era un Estado cercano y afectuoso. Y la ministra ambient\u00f3 sus palabras con una gracia propia de su espontaneidad: le dijo al alcalde Manolo Duque que \u201ctodos saben que eres mi pechich\u00f3n\u201d y que \u201csiempre, lo primero tiene que ser la gente\u201d.<\/p>\n","protected":false},"excerpt":{"rendered":"<p>Lleg\u00f3 Ordosgoitia Un par de visitas al Despacho de Manolo en los \u00faltimos d\u00edas hicieron sospechar que Johny Ordosgoitia \u201col\u00eda\u201d a gabinete. Dada su conocida cercan\u00eda con el cacerismo, y al que al confirmarse la salida de Luz Estela C\u00e1ceres de la Secretar\u00eda General, a nadie sorprendi\u00f3 que resultara sustituy\u00e9ndola en el cargo. Se posesion\u00f3 este viernes. Johny es hermano de Germ\u00e1n Ordosgoitia, quien aspir\u00f3 a la C\u00e1mara hace un par de periodos por Cambio Radical y no result\u00f3 electo, pero se recuerda su acentuada batalla jur\u00eddica contra Hernando Padau\u00ed,&#8230; <\/p>\n","protected":false},"author":3,"featured_media":21382,"comment_status":"open","ping_status":"closed","sticky":false,"template":"","format":"standard","meta":{"footnotes":"","_links_to":"","_links_to_target":""},"categories":[44,47,45],"tags":[],"class_list":["post-21383","post","type-post","status-publish","format-standard","has-post-thumbnail","hentry","category-materiagris","category-john-zamora","category-orbita"],"_links":{"self":[{"href":"https:\/\/revistazetta.com\/index.php?rest_route=\/wp\/v2\/posts\/21383","targetHints":{"allow":["GET"]}}],"collection":[{"href":"https:\/\/revistazetta.com\/index.php?rest_route=\/wp\/v2\/posts"}],"about":[{"href":"https:\/\/revistazetta.com\/index.php?rest_route=\/wp\/v2\/types\/post"}],"author":[{"embeddable":true,"href":"https:\/\/revistazetta.com\/index.php?rest_route=\/wp\/v2\/users\/3"}],"replies":[{"embeddable":true,"href":"https:\/\/revistazetta.com\/index.php?rest_route=%2Fwp%2Fv2%2Fcomments&post=21383"}],"version-history":[{"count":0,"href":"https:\/\/revistazetta.com\/index.php?rest_route=\/wp\/v2\/posts\/21383\/revisions"}],"wp:featuredmedia":[{"embeddable":true,"href":"https:\/\/revistazetta.com\/index.php?rest_route=\/wp\/v2\/media\/21382"}],"wp:attachment":[{"href":"https:\/\/revistazetta.com\/index.php?rest_route=%2Fwp%2Fv2%2Fmedia&parent=21383"}],"wp:term":[{"taxonomy":"category","embeddable":true,"href":"https:\/\/revistazetta.com\/index.php?rest_route=%2Fwp%2Fv2%2Fcategories&post=21383"},{"taxonomy":"post_tag","embeddable":true,"href":"https:\/\/revistazetta.com\/index.php?rest_route=%2Fwp%2Fv2%2Ftags&post=21383"}],"curies":[{"name":"wp","href":"https:\/\/api.w.org\/{rel}","templated":true}]}}