{"id":21385,"date":"2017-07-15T09:28:10","date_gmt":"2017-07-15T14:28:10","guid":{"rendered":"http:\/\/www.revistazetta.com\/?p=21385"},"modified":"2017-07-15T09:28:10","modified_gmt":"2017-07-15T14:28:10","slug":"zona-caribe-los-mejores-gobernadores-verano-76-dumek-72","status":"publish","type":"post","link":"https:\/\/revistazetta.com\/?p=21385","title":{"rendered":"Zona Caribe con los mejores gobernadores: Verano 76%, y Dumek 72%"},"content":{"rendered":"<p>Eduardo Verano, de Atl\u00e1ntico, y Dumek Turbay, de Bol\u00edvar, contin\u00faan al frente de las encuestas sobre aprobaci\u00f3n de gobiernos departamentales, realizada por el noticiero CM&amp; y divulgada en la edici\u00f3n del viernes 14 de julio.<\/p>\n<p>Verano aparece en el primer lugar del pa\u00eds con un 76% por ciento de aprobaci\u00f3n, seguido de cerca por Dumek Turbay, con 72%, quien siempre se ha mantenido como primero o segundo en esta encuesta.<\/p>\n","protected":false},"excerpt":{"rendered":"<p>Eduardo Verano, de Atl\u00e1ntico, y Dumek Turbay, de Bol\u00edvar, contin\u00faan al frente de las encuestas sobre aprobaci\u00f3n de gobiernos departamentales, realizada por el noticiero CM&amp; y divulgada en la edici\u00f3n del viernes 14 de julio. Verano aparece en el primer lugar del pa\u00eds con un 76% por ciento de aprobaci\u00f3n, seguido de cerca por Dumek Turbay, con 72%, quien siempre se ha mantenido como primero o segundo en esta encuesta.<\/p>\n","protected":false},"author":3,"featured_media":21386,"comment_status":"open","ping_status":"closed","sticky":false,"template":"","format":"standard","meta":{"footnotes":"","_links_to":"","_links_to_target":""},"categories":[4,75],"tags":[],"class_list":["post-21385","post","type-post","status-publish","format-standard","has-post-thumbnail","hentry","category-politica","category-destacada"],"_links":{"self":[{"href":"https:\/\/revistazetta.com\/index.php?rest_route=\/wp\/v2\/posts\/21385","targetHints":{"allow":["GET"]}}],"collection":[{"href":"https:\/\/revistazetta.com\/index.php?rest_route=\/wp\/v2\/posts"}],"about":[{"href":"https:\/\/revistazetta.com\/index.php?rest_route=\/wp\/v2\/types\/post"}],"author":[{"embeddable":true,"href":"https:\/\/revistazetta.com\/index.php?rest_route=\/wp\/v2\/users\/3"}],"replies":[{"embeddable":true,"href":"https:\/\/revistazetta.com\/index.php?rest_route=%2Fwp%2Fv2%2Fcomments&post=21385"}],"version-history":[{"count":0,"href":"https:\/\/revistazetta.com\/index.php?rest_route=\/wp\/v2\/posts\/21385\/revisions"}],"wp:featuredmedia":[{"embeddable":true,"href":"https:\/\/revistazetta.com\/index.php?rest_route=\/wp\/v2\/media\/21386"}],"wp:attachment":[{"href":"https:\/\/revistazetta.com\/index.php?rest_route=%2Fwp%2Fv2%2Fmedia&parent=21385"}],"wp:term":[{"taxonomy":"category","embeddable":true,"href":"https:\/\/revistazetta.com\/index.php?rest_route=%2Fwp%2Fv2%2Fcategories&post=21385"},{"taxonomy":"post_tag","embeddable":true,"href":"https:\/\/revistazetta.com\/index.php?rest_route=%2Fwp%2Fv2%2Ftags&post=21385"}],"curies":[{"name":"wp","href":"https:\/\/api.w.org\/{rel}","templated":true}]}}