{"id":21501,"date":"2017-07-24T07:44:07","date_gmt":"2017-07-24T12:44:07","guid":{"rendered":"http:\/\/www.revistazetta.com\/?p=21501"},"modified":"2017-07-24T08:12:30","modified_gmt":"2017-07-24T13:12:30","slug":"garcia-zuccardi-pedalear-la-modernizacion-del-senado","status":"publish","type":"post","link":"https:\/\/revistazetta.com\/?p=21501","title":{"rendered":"Garc\u00eda Zuccardi, a pedalear por la modernizaci\u00f3n del Senado"},"content":{"rendered":"<p>El senador m\u00e1s joven de la actual legislatura lleg\u00f3 con su mensaje de \u201cPensemos Diferente\u201d a la Primera Vicepresidencia del Senado.<\/p>\n<p>Tras la re\u00f1ida contienda con su copartidario Eduardo Pulgar, del Partido de la U, el senador Andr\u00e9s Felipe Garc\u00eda Zuccardi result\u00f3 elegido en la Mesa Directiva con una votaci\u00f3n de 45 votos, contra 42 de su oponente.<\/p>\n<p>De inmediato se puso a pedalear, y no es un eufemismo. De verdad, Garc\u00eda Zuccardi quiere que la bicicleta sea el motor de una nueva sociedad, la del posconflicto.<\/p>\n<p>\u201cEnfocar\u00e9 mis esfuerzos en la modernizaci\u00f3n, transparencia, trabajo en equipo del Senado de la Rep\u00fablica, as\u00ed como en la promoci\u00f3n de la bicicleta. Trabajar\u00e9 sin descanso para el fortalecimiento de esta, la Casa de la Democracia\u201d.<\/p>\n<p>Sobre las razones de un triunfo tan importante, siendo su primer periodo como legislador, no ha hablado, pero s\u00ed ha expresado el agradecimiento con sus colegas por haberlo elegido Primer Vicepresidente del Senado.<\/p>\n<p>Lo que dicen los corrillos del Capitolio Nacional es que a Pulgar se le asocia con Armando Benedetti, codirector de este partido, y quien ha generado mucha resistencia interna por su gesti\u00f3n. En cambio, a Garc\u00eda Zuccardi no solo se le aprecia como renovador, sino conciliador y \u2013adem\u00e1s- cercano a la Casa de Nari\u00f1o. De hecho, se afirma que fue un gui\u00f1o del presidente Santos el que inclin\u00f3 la balanza.<\/p>\n<p>\u201cLa legislatura a la que ahora damos comienzo es sin duda una de las m\u00e1s importantes de la historia reciente del pa\u00eds, pues plantea el reto de vida a los acuerdos firmados entre el Gobierno nacional y las Farc a trav\u00e9s del ejercicio legislativo\u201d, indic\u00f3 Garc\u00eda Zuccardi.\u00a0Agreg\u00f3 que \u201cdesde la Mesa Directiva garantizaremos a todos los partidos el desarrollo del libre ejercicio democr\u00e1tico que es connatural al Congreso de la Rep\u00fablica\u201d.<\/p>\n<p><strong>Perfil<\/strong><\/p>\n<p>Andr\u00e9s Garc\u00eda Zuccardi es un joven cartagenero, Administrador de Empresas de la Universidad de los Andes, con Mag\u00edster en Desarrollo Organizacional y Gesti\u00f3n Humana de la Universidad Externado de Colombia. Actualmente est\u00e1 aprendiendo italiano y es fluido en ingl\u00e9s, alem\u00e1n y castellano, que es su lengua materna.<\/p>\n<p>Con amplia experiencia profesional en el sector privado, ha liderado proyectos de estrategia, innovaci\u00f3n y desarrollo organizacional. Es promotor de la modernizaci\u00f3n en el Congreso de la Rep\u00fablica y ha luchado a favor de iniciativas como el teletrabajo desde el Legislativo, al igual que la implementaci\u00f3n de procesos m\u00e1s \u00e1giles y sencillos.<\/p>\n<p>Desde 2014, cuando fue elegido por el Partido de la U, adquiri\u00f3 el t\u00edtulo del \u201cSenador m\u00e1s joven de la legislatura\u201d y ha dedicado sus esfuerzos a temas de orden social como la movilidad, las telecomunicaciones y la educaci\u00f3n. Su ideolog\u00eda \u201cPensemos Diferente\u201d busca innovar en la manera de hacer pol\u00edtica en Colombia.<\/p>\n","protected":false},"excerpt":{"rendered":"<p>El senador m\u00e1s joven de la actual legislatura lleg\u00f3 con su mensaje de \u201cPensemos Diferente\u201d a la Primera Vicepresidencia del Senado. Tras la re\u00f1ida contienda con su copartidario Eduardo Pulgar, del Partido de la U, el senador Andr\u00e9s Felipe Garc\u00eda Zuccardi result\u00f3 elegido en la Mesa Directiva con una votaci\u00f3n de 45 votos, contra 42 de su oponente. De inmediato se puso a pedalear, y no es un eufemismo. De verdad, Garc\u00eda Zuccardi quiere que la bicicleta sea el motor de una nueva sociedad, la del posconflicto. \u201cEnfocar\u00e9 mis esfuerzos&#8230; <\/p>\n","protected":false},"author":3,"featured_media":21504,"comment_status":"open","ping_status":"closed","sticky":false,"template":"","format":"standard","meta":{"footnotes":"","_links_to":"","_links_to_target":""},"categories":[4,82],"tags":[],"class_list":["post-21501","post","type-post","status-publish","format-standard","has-post-thumbnail","hentry","category-politica","category-senado"],"_links":{"self":[{"href":"https:\/\/revistazetta.com\/index.php?rest_route=\/wp\/v2\/posts\/21501","targetHints":{"allow":["GET"]}}],"collection":[{"href":"https:\/\/revistazetta.com\/index.php?rest_route=\/wp\/v2\/posts"}],"about":[{"href":"https:\/\/revistazetta.com\/index.php?rest_route=\/wp\/v2\/types\/post"}],"author":[{"embeddable":true,"href":"https:\/\/revistazetta.com\/index.php?rest_route=\/wp\/v2\/users\/3"}],"replies":[{"embeddable":true,"href":"https:\/\/revistazetta.com\/index.php?rest_route=%2Fwp%2Fv2%2Fcomments&post=21501"}],"version-history":[{"count":0,"href":"https:\/\/revistazetta.com\/index.php?rest_route=\/wp\/v2\/posts\/21501\/revisions"}],"wp:featuredmedia":[{"embeddable":true,"href":"https:\/\/revistazetta.com\/index.php?rest_route=\/wp\/v2\/media\/21504"}],"wp:attachment":[{"href":"https:\/\/revistazetta.com\/index.php?rest_route=%2Fwp%2Fv2%2Fmedia&parent=21501"}],"wp:term":[{"taxonomy":"category","embeddable":true,"href":"https:\/\/revistazetta.com\/index.php?rest_route=%2Fwp%2Fv2%2Fcategories&post=21501"},{"taxonomy":"post_tag","embeddable":true,"href":"https:\/\/revistazetta.com\/index.php?rest_route=%2Fwp%2Fv2%2Ftags&post=21501"}],"curies":[{"name":"wp","href":"https:\/\/api.w.org\/{rel}","templated":true}]}}