{"id":21730,"date":"2017-08-04T15:46:22","date_gmt":"2017-08-04T20:46:22","guid":{"rendered":"http:\/\/www.revistazetta.com\/?p=21730"},"modified":"2017-08-04T16:38:20","modified_gmt":"2017-08-04T21:38:20","slug":"ipcc-mantenimiento-al-camellon-los-martires","status":"publish","type":"post","link":"https:\/\/revistazetta.com\/?p=21730","title":{"rendered":"IPCC hace mantenimiento al camell\u00f3n de los M\u00e1rtires"},"content":{"rendered":"<p>El Instituto de Patrimonio y Cultura de Cartagena (IPCC) en convenio con Grupo Conservar, \u00a0se une al programa \u201cEl Patrimonio es asunto de todos\u201d para el mantenimiento de esculturas en espacios p\u00fablicos.<\/p>\n<p>Desde 2016, el gobierno distrital a trav\u00e9s de la directora \u00a0del IPCC, Berta Arnedo se ha integrado a este programa liderado por el Grupo Conservar, y que en este a\u00f1o se suma al mantenimiento del Camell\u00f3n de los M\u00e1rtires y el Parque Centenario.<\/p>\n<p>El mantenimiento de estos espacios p\u00fablicos que hacen parte del patrimonio material e inmaterial empez\u00f3 a realizarse la primera semana de agosto, con una etapa de limpieza y lavado de las esculturas, fuentes y bancas, y la recuperaci\u00f3n de un mobiliario (bancas) que ha sido roto nuevamente, adem\u00e1s del mantenimiento a todos los bustos que est\u00e1n en buen estado pero que su bases han sufrido agresiones.<\/p>\n<p>\u201cLa administraci\u00f3n se vincula aunando las fuerzas necesarias para poder mantener estos monumentos, que m\u00e1s que una banca, que un busto; es realmente mantener viva nuestra memoria colectiva, darle valor a todo lo que nos hace cartageneros, de tal manera que me anticipo para decirle a los cartageneros que pronto les volveremos a entregar un Camell\u00f3n de los M\u00e1rtires y un Parque Centenario recuperados y lo que esperamos que ocurra es que no solo las instituciones acomp\u00e1\u00f1enos y protejamos nuestro patrimonio sino que tanto ciudadanos y visitantes podamos cuidarlos y valorarlos\u201d Berta Arnedo Redondo, directora del IPCC.<\/p>\n<p>Los mantenimientos est\u00e1n programados mensualmente hasta el mes de diciembre y se espera que se pueda ampliar a dos mantenimientos por mes. Este programa es liderado por el Grupo Conservar, apoyado por el Concurso Nacional de Belleza y el centro de Convenciones quienes vienen trabajando por el mantenimiento de nuestro patrimonio desde el a\u00f1o 2002.<\/p>\n","protected":false},"excerpt":{"rendered":"<p>El Instituto de Patrimonio y Cultura de Cartagena (IPCC) en convenio con Grupo Conservar, \u00a0se une al programa \u201cEl Patrimonio es asunto de todos\u201d para el mantenimiento de esculturas en espacios p\u00fablicos. Desde 2016, el gobierno distrital a trav\u00e9s de la directora \u00a0del IPCC, Berta Arnedo se ha integrado a este programa liderado por el Grupo Conservar, y que en este a\u00f1o se suma al mantenimiento del Camell\u00f3n de los M\u00e1rtires y el Parque Centenario. El mantenimiento de estos espacios p\u00fablicos que hacen parte del patrimonio material e inmaterial empez\u00f3&#8230; <\/p>\n","protected":false},"author":3,"featured_media":21736,"comment_status":"open","ping_status":"closed","sticky":false,"template":"","format":"standard","meta":{"footnotes":"","_links_to":"","_links_to_target":""},"categories":[32,85,75],"tags":[],"class_list":["post-21730","post","type-post","status-publish","format-standard","has-post-thumbnail","hentry","category-actualidad-distrito","category-cartagena","category-destacada"],"_links":{"self":[{"href":"https:\/\/revistazetta.com\/index.php?rest_route=\/wp\/v2\/posts\/21730","targetHints":{"allow":["GET"]}}],"collection":[{"href":"https:\/\/revistazetta.com\/index.php?rest_route=\/wp\/v2\/posts"}],"about":[{"href":"https:\/\/revistazetta.com\/index.php?rest_route=\/wp\/v2\/types\/post"}],"author":[{"embeddable":true,"href":"https:\/\/revistazetta.com\/index.php?rest_route=\/wp\/v2\/users\/3"}],"replies":[{"embeddable":true,"href":"https:\/\/revistazetta.com\/index.php?rest_route=%2Fwp%2Fv2%2Fcomments&post=21730"}],"version-history":[{"count":0,"href":"https:\/\/revistazetta.com\/index.php?rest_route=\/wp\/v2\/posts\/21730\/revisions"}],"wp:featuredmedia":[{"embeddable":true,"href":"https:\/\/revistazetta.com\/index.php?rest_route=\/wp\/v2\/media\/21736"}],"wp:attachment":[{"href":"https:\/\/revistazetta.com\/index.php?rest_route=%2Fwp%2Fv2%2Fmedia&parent=21730"}],"wp:term":[{"taxonomy":"category","embeddable":true,"href":"https:\/\/revistazetta.com\/index.php?rest_route=%2Fwp%2Fv2%2Fcategories&post=21730"},{"taxonomy":"post_tag","embeddable":true,"href":"https:\/\/revistazetta.com\/index.php?rest_route=%2Fwp%2Fv2%2Ftags&post=21730"}],"curies":[{"name":"wp","href":"https:\/\/api.w.org\/{rel}","templated":true}]}}