{"id":21731,"date":"2017-08-04T15:47:53","date_gmt":"2017-08-04T20:47:53","guid":{"rendered":"http:\/\/www.revistazetta.com\/?p=21731"},"modified":"2017-08-04T16:39:06","modified_gmt":"2017-08-04T21:39:06","slug":"consorcio-alumbrado-alcaldia-turbaco-iluminan-2-6-kilometros-zona-conurbacion","status":"publish","type":"post","link":"https:\/\/revistazetta.com\/?p=21731","title":{"rendered":"Consorcio de Alumbrado y Alcald\u00eda de Turbaco iluminan 2.6 kil\u00f3metros en zona de conurbaci\u00f3n"},"content":{"rendered":"<p>Con luminarias de tecnolog\u00eda LED (light-emitting-diode: diodo emisor de luz), la firma AGM Desarrollos SAS, concesionario de alumbrado p\u00fablico, conjuntamente\u00a0 con la administraci\u00f3n \u201cTurbaco S\u00ed Avanza\u201d, dio inicio la construcci\u00f3n de la iluminaci\u00f3n de 2.6 kil\u00f3metros en la Doble Calzada, desde el puente que est\u00e1 sobre la Troncal de Occidente hasta la empresa Gecolsa, beneficiando a los barrios Villa Grande de Indias, Bosques de la Circunvalar y dem\u00e1s de la denominada zona de conurbaci\u00f3n.<\/p>\n<p>De\u00a0 acuerdo con el alcalde de Turbaco, Antonio V\u00edctor Alcal\u00e1, para realizar estas obras, que se ejecutan en seis meses, se invierten dos mil millones de pesos. \u201cNuestro prop\u00f3sito es lograr tener toda la v\u00eda en los l\u00edmites entre el municipio de Turbaco con Cartagena, y Arjona, igualmente\u201d, dijo el Alcalde.<\/p>\n<p>Precis\u00f3 que el\u00a0 principal objetivo es mejorar la seguridad vial, y adem\u00e1s mejorar la seguridad para las personas, debido a que la oscuridad permit\u00eda a los delincuentes hacer de las suyas.<\/p>\n<p>\u201cFueron tantas las quejas que hace m\u00e1s de cuatro a\u00f1os fallaron una acci\u00f3n popular donde se conminaba al municipio a adelantar las obas de iluminaci\u00f3n de la Doble Calzada. Desde el a\u00f1o pasado establecimos un compromiso con estas comunidades y hoy les estamos cumpliendo con el inicio de las obras\u201d, dijo.<\/p>\n<p>Por su parte, Carlos Castillo, del Consorcio de Alumbrado P\u00fablico, explic\u00f3 que se instalar\u00e1n postes met\u00e1licos con luminarias LED, que ser\u00e1n alimentados por redes el\u00e9ctricas subterr\u00e1neas, lo que hace que la obra sea est\u00e9tica cumpliendo con altos est\u00e1ndares de calidad. Indic\u00f3 que las luminarias de tecnolog\u00eda LED emiten luz blanca fr\u00eda, que permite alcanzar una iluminaci\u00f3n segura para los usuarios y, adem\u00e1s, baja los tiempos de reacci\u00f3n ante un imprevisto. Adem\u00e1s, la tecnolog\u00eda LED es amigable con el medio ambiente y acorde a las leyes de regulaci\u00f3n en esta materia en el pa\u00eds.<\/p>\n<p><strong>\u00a1Una gran obra!<\/strong><\/p>\n<p>Para Hernando de Le\u00f3n Puello, presidente de la Junta de Acci\u00f3n Comunal (JAC) de Villa Grande de Indias (1), esta es una de gran impacto en la comunidad porque generar\u00e1 seguridad y m\u00e1s tranquilidad ciudadana. \u201cDamos las gracias al Alcalde, quien ha estado pendiente de esta obra\u201d, dijo.<\/p>\n<p>Se\u00f1al\u00f3 que en las orillas de la Doble Calzada, aprovechando la oscuridad, botaban muertos y atracaban a todo el que pasaba despu\u00e9s de 7 de la noche. \u201cCon la construcci\u00f3n del alumbrado p\u00fablico se genera progreso para toda la zona de conurbaci\u00f3n\u201d, concluy\u00f3.<\/p>\n<p><strong>\u201cCumpliendo compromisos con la gente\u201d<\/strong><\/p>\n<p>Por\u00a0 su parte, el concejal de Turbaco, Leonardo Cabarcas, destac\u00f3 el cumplimiento del plan de desarrollo de Turbaco, que contemplaba la realizaci\u00f3n de estas obras, necesarias para\u00a0 devolverle la seguridad a estos barrios colindantes con Cartagena.<\/p>\n<p>\u201cCon esta inversi\u00f3n y otras que se realizan en las comunidades, ahora est\u00e1n sinti\u00e9ndose turbaqueros. Con la iluminaci\u00f3n se le da un golpe a la delincuencia que ven\u00eda haciendo de\u00a0 las suyas, aprovechando la oscuridad\u201d, subray\u00f3.<\/p>\n","protected":false},"excerpt":{"rendered":"<p>Con luminarias de tecnolog\u00eda LED (light-emitting-diode: diodo emisor de luz), la firma AGM Desarrollos SAS, concesionario de alumbrado p\u00fablico, conjuntamente\u00a0 con la administraci\u00f3n \u201cTurbaco S\u00ed Avanza\u201d, dio inicio la construcci\u00f3n de la iluminaci\u00f3n de 2.6 kil\u00f3metros en la Doble Calzada, desde el puente que est\u00e1 sobre la Troncal de Occidente hasta la empresa Gecolsa, beneficiando a los barrios Villa Grande de Indias, Bosques de la Circunvalar y dem\u00e1s de la denominada zona de conurbaci\u00f3n. De\u00a0 acuerdo con el alcalde de Turbaco, Antonio V\u00edctor Alcal\u00e1, para realizar estas obras, que se&#8230; <\/p>\n","protected":false},"author":3,"featured_media":21734,"comment_status":"open","ping_status":"closed","sticky":false,"template":"","format":"standard","meta":{"footnotes":"","_links_to":"","_links_to_target":""},"categories":[80,75,83],"tags":[],"class_list":["post-21731","post","type-post","status-publish","format-standard","has-post-thumbnail","hentry","category-region","category-destacada","category-municipios"],"_links":{"self":[{"href":"https:\/\/revistazetta.com\/index.php?rest_route=\/wp\/v2\/posts\/21731","targetHints":{"allow":["GET"]}}],"collection":[{"href":"https:\/\/revistazetta.com\/index.php?rest_route=\/wp\/v2\/posts"}],"about":[{"href":"https:\/\/revistazetta.com\/index.php?rest_route=\/wp\/v2\/types\/post"}],"author":[{"embeddable":true,"href":"https:\/\/revistazetta.com\/index.php?rest_route=\/wp\/v2\/users\/3"}],"replies":[{"embeddable":true,"href":"https:\/\/revistazetta.com\/index.php?rest_route=%2Fwp%2Fv2%2Fcomments&post=21731"}],"version-history":[{"count":0,"href":"https:\/\/revistazetta.com\/index.php?rest_route=\/wp\/v2\/posts\/21731\/revisions"}],"wp:featuredmedia":[{"embeddable":true,"href":"https:\/\/revistazetta.com\/index.php?rest_route=\/wp\/v2\/media\/21734"}],"wp:attachment":[{"href":"https:\/\/revistazetta.com\/index.php?rest_route=%2Fwp%2Fv2%2Fmedia&parent=21731"}],"wp:term":[{"taxonomy":"category","embeddable":true,"href":"https:\/\/revistazetta.com\/index.php?rest_route=%2Fwp%2Fv2%2Fcategories&post=21731"},{"taxonomy":"post_tag","embeddable":true,"href":"https:\/\/revistazetta.com\/index.php?rest_route=%2Fwp%2Fv2%2Ftags&post=21731"}],"curies":[{"name":"wp","href":"https:\/\/api.w.org\/{rel}","templated":true}]}}