{"id":21732,"date":"2017-08-04T15:56:52","date_gmt":"2017-08-04T20:56:52","guid":{"rendered":"http:\/\/www.revistazetta.com\/?p=21732"},"modified":"2017-08-04T16:39:45","modified_gmt":"2017-08-04T21:39:45","slug":"secretaria-educacion-distrital-inicio-ruta-del-acompanamiento-elevar-indices-calidad","status":"publish","type":"post","link":"https:\/\/revistazetta.com\/?p=21732","title":{"rendered":"Secretar\u00eda de Educaci\u00f3n Distrital inici\u00f3 \u201cRuta del Acompa\u00f1amiento\u201d para elevar \u00edndices de calidad"},"content":{"rendered":"<p>Todo el equipo multidisciplinario de la Secretar\u00eda de Educaci\u00f3n estuvo este viernes en las instituciones educativas San Lucas y Mar\u00eda Cano, en el inicio del programa \u201cRuta del Acompa\u00f1amiento\u201d, una estrategia para elevar los \u00edndices de calidad en la educaci\u00f3n de Cartagena.<\/p>\n<p>Encabezado por la secretaria de Educaci\u00f3n Distrital, Lesbia Bele\u00f1o, el equipo est\u00e1 integrado por las \u00e1reas de Calidad, Cobertura, Permanencia, Infraestructura, Planeaci\u00f3n, Inspecci\u00f3n y Vigilancia. \u201cEstamos trabajando de la mano con los rectores, padres de familia, profesores y estudiantes para mejorar los \u00cdndices Sint\u00e9ticos de Calidad\u201d, dijo la funcionaria.<\/p>\n<p>La Ruta del Acompa\u00f1amiento se efectuar\u00e1 cada mi\u00e9rcoles y viernes, y est\u00e1 concebida como mesas de trabajo entre la SED y Consejo Directivo de cada instituci\u00f3n educativa, donde se analizan los indicadores de eficiencia interna, desempe\u00f1o, progreso y ambiente escolar.<\/p>\n<p>La pr\u00f3xima semana la Ruta del Acompa\u00f1amiento estar\u00e1 en las instituciones educativas de la zona insular.<\/p>\n","protected":false},"excerpt":{"rendered":"<p>Todo el equipo multidisciplinario de la Secretar\u00eda de Educaci\u00f3n estuvo este viernes en las instituciones educativas San Lucas y Mar\u00eda Cano, en el inicio del programa \u201cRuta del Acompa\u00f1amiento\u201d, una estrategia para elevar los \u00edndices de calidad en la educaci\u00f3n de Cartagena. Encabezado por la secretaria de Educaci\u00f3n Distrital, Lesbia Bele\u00f1o, el equipo est\u00e1 integrado por las \u00e1reas de Calidad, Cobertura, Permanencia, Infraestructura, Planeaci\u00f3n, Inspecci\u00f3n y Vigilancia. \u201cEstamos trabajando de la mano con los rectores, padres de familia, profesores y estudiantes para mejorar los \u00cdndices Sint\u00e9ticos de Calidad\u201d, dijo la&#8230; <\/p>\n","protected":false},"author":3,"featured_media":21737,"comment_status":"open","ping_status":"closed","sticky":false,"template":"","format":"standard","meta":{"footnotes":"","_links_to":"","_links_to_target":""},"categories":[32,75],"tags":[],"class_list":["post-21732","post","type-post","status-publish","format-standard","has-post-thumbnail","hentry","category-actualidad-distrito","category-destacada"],"_links":{"self":[{"href":"https:\/\/revistazetta.com\/index.php?rest_route=\/wp\/v2\/posts\/21732","targetHints":{"allow":["GET"]}}],"collection":[{"href":"https:\/\/revistazetta.com\/index.php?rest_route=\/wp\/v2\/posts"}],"about":[{"href":"https:\/\/revistazetta.com\/index.php?rest_route=\/wp\/v2\/types\/post"}],"author":[{"embeddable":true,"href":"https:\/\/revistazetta.com\/index.php?rest_route=\/wp\/v2\/users\/3"}],"replies":[{"embeddable":true,"href":"https:\/\/revistazetta.com\/index.php?rest_route=%2Fwp%2Fv2%2Fcomments&post=21732"}],"version-history":[{"count":0,"href":"https:\/\/revistazetta.com\/index.php?rest_route=\/wp\/v2\/posts\/21732\/revisions"}],"wp:featuredmedia":[{"embeddable":true,"href":"https:\/\/revistazetta.com\/index.php?rest_route=\/wp\/v2\/media\/21737"}],"wp:attachment":[{"href":"https:\/\/revistazetta.com\/index.php?rest_route=%2Fwp%2Fv2%2Fmedia&parent=21732"}],"wp:term":[{"taxonomy":"category","embeddable":true,"href":"https:\/\/revistazetta.com\/index.php?rest_route=%2Fwp%2Fv2%2Fcategories&post=21732"},{"taxonomy":"post_tag","embeddable":true,"href":"https:\/\/revistazetta.com\/index.php?rest_route=%2Fwp%2Fv2%2Ftags&post=21732"}],"curies":[{"name":"wp","href":"https:\/\/api.w.org\/{rel}","templated":true}]}}