{"id":21733,"date":"2017-08-04T16:07:07","date_gmt":"2017-08-04T21:07:07","guid":{"rendered":"http:\/\/www.revistazetta.com\/?p=21733"},"modified":"2017-08-04T16:40:51","modified_gmt":"2017-08-04T21:40:51","slug":"lo-mas-saludable-la-renuncia-manolo-karen-cure","status":"publish","type":"post","link":"https:\/\/revistazetta.com\/?p=21733","title":{"rendered":"\u201cLo m\u00e1s saludable es la renuncia de Manolo\u201d: Karen Cure"},"content":{"rendered":"<p>La representante a la C\u00e1mara por Bol\u00edvar, Karen Cure Corcione, se mostr\u00f3 partidaria de la renuncia del alcalde Manolo duque como una de las formas de resolver la delicada situaci\u00f3n institucional que atraviesa Cartagena.<\/p>\n<p>La dirigente dijo que le tiene enorme aprecio a Duque V\u00e1squez y pidi\u00f3 rodearlo en lo personal, pero advirti\u00f3 que a la ciudad no le conviene la interinidad ni la inestabilidad en el poder.<\/p>\n<p>Cure expres\u00f3 que coincide de esta manera con el planteamiento hecho por el director de Revista Zetta, John Zamora, al formular la tesis de la renuncia como la mejor salida a la grave crisis administrativa de Cartagena.<\/p>\n<p>La congresista hizo un llamado a la cordura y a deponer los odios, pues Cartagena es el inter\u00e9s superior de la ciudadan\u00eda. \u201cHay que ponerle m\u00e1s cabeza y menos coraz\u00f3n a las elecciones, por el mismo futuro de Cartagena\u201d, dijo.<\/p>\n<p>Advirti\u00f3 que le preocupa tambi\u00e9n la situaci\u00f3n del Concejo de Cartagena, pues el Fiscal General anticip\u00f3 que podr\u00edan darse capturas en los pr\u00f3ximos d\u00edas.<\/p>\n<p>\u201cHay una gran desconfianza y desconcierto en la ciudadan\u00eda, y debemos sobreponernos para retomar el rumbo, en unidad y con objetivos comunes\u201d, puntualiz\u00f3.<\/p>\n<p>&nbsp;<\/p>\n","protected":false},"excerpt":{"rendered":"<p>La representante a la C\u00e1mara por Bol\u00edvar, Karen Cure Corcione, se mostr\u00f3 partidaria de la renuncia del alcalde Manolo duque como una de las formas de resolver la delicada situaci\u00f3n institucional que atraviesa Cartagena. La dirigente dijo que le tiene enorme aprecio a Duque V\u00e1squez y pidi\u00f3 rodearlo en lo personal, pero advirti\u00f3 que a la ciudad no le conviene la interinidad ni la inestabilidad en el poder. Cure expres\u00f3 que coincide de esta manera con el planteamiento hecho por el director de Revista Zetta, John Zamora, al formular la&#8230; <\/p>\n","protected":false},"author":3,"featured_media":21735,"comment_status":"open","ping_status":"closed","sticky":false,"template":"","format":"standard","meta":{"footnotes":"","_links_to":"","_links_to_target":""},"categories":[4,75],"tags":[],"class_list":["post-21733","post","type-post","status-publish","format-standard","has-post-thumbnail","hentry","category-politica","category-destacada"],"_links":{"self":[{"href":"https:\/\/revistazetta.com\/index.php?rest_route=\/wp\/v2\/posts\/21733","targetHints":{"allow":["GET"]}}],"collection":[{"href":"https:\/\/revistazetta.com\/index.php?rest_route=\/wp\/v2\/posts"}],"about":[{"href":"https:\/\/revistazetta.com\/index.php?rest_route=\/wp\/v2\/types\/post"}],"author":[{"embeddable":true,"href":"https:\/\/revistazetta.com\/index.php?rest_route=\/wp\/v2\/users\/3"}],"replies":[{"embeddable":true,"href":"https:\/\/revistazetta.com\/index.php?rest_route=%2Fwp%2Fv2%2Fcomments&post=21733"}],"version-history":[{"count":0,"href":"https:\/\/revistazetta.com\/index.php?rest_route=\/wp\/v2\/posts\/21733\/revisions"}],"wp:featuredmedia":[{"embeddable":true,"href":"https:\/\/revistazetta.com\/index.php?rest_route=\/wp\/v2\/media\/21735"}],"wp:attachment":[{"href":"https:\/\/revistazetta.com\/index.php?rest_route=%2Fwp%2Fv2%2Fmedia&parent=21733"}],"wp:term":[{"taxonomy":"category","embeddable":true,"href":"https:\/\/revistazetta.com\/index.php?rest_route=%2Fwp%2Fv2%2Fcategories&post=21733"},{"taxonomy":"post_tag","embeddable":true,"href":"https:\/\/revistazetta.com\/index.php?rest_route=%2Fwp%2Fv2%2Ftags&post=21733"}],"curies":[{"name":"wp","href":"https:\/\/api.w.org\/{rel}","templated":true}]}}