{"id":21855,"date":"2017-08-16T06:25:31","date_gmt":"2017-08-16T11:25:31","guid":{"rendered":"http:\/\/www.revistazetta.com\/?p=21855"},"modified":"2017-08-16T06:26:54","modified_gmt":"2017-08-16T11:26:54","slug":"viceministro-del-interior-felicita-jovenes-iniciativa-eliminar-peajes-cartagena","status":"publish","type":"post","link":"https:\/\/revistazetta.com\/?p=21855","title":{"rendered":"Viceministro del Interior felicita a j\u00f3venes por iniciativa de eliminar peajes en Cartagena"},"content":{"rendered":"<p>El viceministro del interior, Luis Ernesto G\u00f3mez, felicit\u00f3 al colectivo juvenil que adelanta la campa\u00f1a para eliminar los peajes en Cartagena.<\/p>\n<p>En su cuenta de Facebook, el funcionario del gobierno nacional expres\u00f3 su complacencia con las campa\u00f1as que adelantan.<\/p>\n<p>\u00abFelicito a estos pilos j\u00f3venes cartageneros que impulsar\u00e1n dos causas ciudadanas para su ciudad: salvar el arrecife de Varadero y eliminar cobro de peajes a residentes\u00bb.<\/p>\n<p>No queda claro si el respaldo a estas dos iniciativas es de car\u00e1cter oficial, entendido como una pol\u00edtica del gobierno nacional, o es solo una apreciaci\u00f3n personal del funcionario.<\/p>\n<p>La campa\u00f1a para eliminar los peajes en Cartagena ha tomado vuelo y un video promocional se ha hecho viral.<\/p>\n","protected":false},"excerpt":{"rendered":"<p>El viceministro del interior, Luis Ernesto G\u00f3mez, felicit\u00f3 al colectivo juvenil que adelanta la campa\u00f1a para eliminar los peajes en Cartagena. En su cuenta de Facebook, el funcionario del gobierno nacional expres\u00f3 su complacencia con las campa\u00f1as que adelantan. \u00abFelicito a estos pilos j\u00f3venes cartageneros que impulsar\u00e1n dos causas ciudadanas para su ciudad: salvar el arrecife de Varadero y eliminar cobro de peajes a residentes\u00bb. No queda claro si el respaldo a estas dos iniciativas es de car\u00e1cter oficial, entendido como una pol\u00edtica del gobierno nacional, o es solo una&#8230; <\/p>\n","protected":false},"author":3,"featured_media":21867,"comment_status":"open","ping_status":"closed","sticky":false,"template":"","format":"standard","meta":{"footnotes":"","_links_to":"","_links_to_target":""},"categories":[32,87],"tags":[],"class_list":["post-21855","post","type-post","status-publish","format-standard","has-post-thumbnail","hentry","category-actualidad-distrito","category-movilidad"],"_links":{"self":[{"href":"https:\/\/revistazetta.com\/index.php?rest_route=\/wp\/v2\/posts\/21855","targetHints":{"allow":["GET"]}}],"collection":[{"href":"https:\/\/revistazetta.com\/index.php?rest_route=\/wp\/v2\/posts"}],"about":[{"href":"https:\/\/revistazetta.com\/index.php?rest_route=\/wp\/v2\/types\/post"}],"author":[{"embeddable":true,"href":"https:\/\/revistazetta.com\/index.php?rest_route=\/wp\/v2\/users\/3"}],"replies":[{"embeddable":true,"href":"https:\/\/revistazetta.com\/index.php?rest_route=%2Fwp%2Fv2%2Fcomments&post=21855"}],"version-history":[{"count":0,"href":"https:\/\/revistazetta.com\/index.php?rest_route=\/wp\/v2\/posts\/21855\/revisions"}],"wp:featuredmedia":[{"embeddable":true,"href":"https:\/\/revistazetta.com\/index.php?rest_route=\/wp\/v2\/media\/21867"}],"wp:attachment":[{"href":"https:\/\/revistazetta.com\/index.php?rest_route=%2Fwp%2Fv2%2Fmedia&parent=21855"}],"wp:term":[{"taxonomy":"category","embeddable":true,"href":"https:\/\/revistazetta.com\/index.php?rest_route=%2Fwp%2Fv2%2Fcategories&post=21855"},{"taxonomy":"post_tag","embeddable":true,"href":"https:\/\/revistazetta.com\/index.php?rest_route=%2Fwp%2Fv2%2Ftags&post=21855"}],"curies":[{"name":"wp","href":"https:\/\/api.w.org\/{rel}","templated":true}]}}