{"id":21866,"date":"2017-08-16T06:21:10","date_gmt":"2017-08-16T11:21:10","guid":{"rendered":"http:\/\/www.revistazetta.com\/?p=21866"},"modified":"2017-08-16T08:30:39","modified_gmt":"2017-08-16T13:30:39","slug":"comfamiliar-se-unio-yopuedo-pacto-la-inclusion-laboral-discapacitados","status":"publish","type":"post","link":"https:\/\/revistazetta.com\/?p=21866","title":{"rendered":"Comfamiliar se uni\u00f3 a #YoPuedo, el pacto por la inclusi\u00f3n laboral a discapacitados"},"content":{"rendered":"<p>\u201cComfamiliar Cartagena y Bol\u00edvar siempre ha sido una instituci\u00f3n comprometida en su totalidad con nuestra poblaci\u00f3n en condici\u00f3n de discapacidad; y es precisamente por esta raz\u00f3n que tenemos en nuestra oferta de servicios a la comunidad y afiliados los Programas Especiales, de los cuales hacen parte el grupo de la tercera edad \u201cCanitas\u201d y el grupo \u201cGrandes\u201d el cual ha realizado en esta jornada una gran muestra de su capacidad y talento\u201d, se\u00f1al\u00f3 la Subdirectora de Servicios Sociales de Comfamiliar, Ethel Hern\u00e1ndez Pulgar.<\/p>\n<p>De acuerdo Hern\u00e1ndez, para todas las entidades debe ser una prioridad la inclusi\u00f3n y la calidad de vida de esta importante y representativa poblaci\u00f3n.<\/p>\n<p>\u201cDesde Comfamiliar seguiremos desarrollando y contribuyendo a este tipo de iniciativas, y buscando fomentar y replicar el trabajo que hacemos desde nuestra Caja, incluyendo a nuestra poblaci\u00f3n con discapacidad en actividades recreativas, tur\u00edsticas, jornadas de salud f\u00edsica y mental y charlas educativas\u201d, puntualiz\u00f3 la directiva.<\/p>\n<p>Representantes del sector empresarial, as\u00ed como miembros de entidades distritales y departamentales, fundaciones, autoridades y ciudadanos en general, vienen brindando su respaldo a la campa\u00f1a \u201c#YoPuedo\u201d, que lidera el Programa de Atenci\u00f3n Integral a Personas con Discapacidad de la Gobernaci\u00f3n de Bol\u00edvar.<\/p>\n","protected":false},"excerpt":{"rendered":"<p>\u201cComfamiliar Cartagena y Bol\u00edvar siempre ha sido una instituci\u00f3n comprometida en su totalidad con nuestra poblaci\u00f3n en condici\u00f3n de discapacidad; y es precisamente por esta raz\u00f3n que tenemos en nuestra oferta de servicios a la comunidad y afiliados los Programas Especiales, de los cuales hacen parte el grupo de la tercera edad \u201cCanitas\u201d y el grupo \u201cGrandes\u201d el cual ha realizado en esta jornada una gran muestra de su capacidad y talento\u201d, se\u00f1al\u00f3 la Subdirectora de Servicios Sociales de Comfamiliar, Ethel Hern\u00e1ndez Pulgar. De acuerdo Hern\u00e1ndez, para todas las entidades&#8230; <\/p>\n","protected":false},"author":3,"featured_media":21870,"comment_status":"open","ping_status":"closed","sticky":false,"template":"","format":"standard","meta":{"footnotes":"","_links_to":"","_links_to_target":""},"categories":[2],"tags":[],"class_list":["post-21866","post","type-post","status-publish","format-standard","has-post-thumbnail","hentry","category-actualidad"],"_links":{"self":[{"href":"https:\/\/revistazetta.com\/index.php?rest_route=\/wp\/v2\/posts\/21866","targetHints":{"allow":["GET"]}}],"collection":[{"href":"https:\/\/revistazetta.com\/index.php?rest_route=\/wp\/v2\/posts"}],"about":[{"href":"https:\/\/revistazetta.com\/index.php?rest_route=\/wp\/v2\/types\/post"}],"author":[{"embeddable":true,"href":"https:\/\/revistazetta.com\/index.php?rest_route=\/wp\/v2\/users\/3"}],"replies":[{"embeddable":true,"href":"https:\/\/revistazetta.com\/index.php?rest_route=%2Fwp%2Fv2%2Fcomments&post=21866"}],"version-history":[{"count":0,"href":"https:\/\/revistazetta.com\/index.php?rest_route=\/wp\/v2\/posts\/21866\/revisions"}],"wp:featuredmedia":[{"embeddable":true,"href":"https:\/\/revistazetta.com\/index.php?rest_route=\/wp\/v2\/media\/21870"}],"wp:attachment":[{"href":"https:\/\/revistazetta.com\/index.php?rest_route=%2Fwp%2Fv2%2Fmedia&parent=21866"}],"wp:term":[{"taxonomy":"category","embeddable":true,"href":"https:\/\/revistazetta.com\/index.php?rest_route=%2Fwp%2Fv2%2Fcategories&post=21866"},{"taxonomy":"post_tag","embeddable":true,"href":"https:\/\/revistazetta.com\/index.php?rest_route=%2Fwp%2Fv2%2Ftags&post=21866"}],"curies":[{"name":"wp","href":"https:\/\/api.w.org\/{rel}","templated":true}]}}