{"id":21883,"date":"2017-08-16T21:34:56","date_gmt":"2017-08-17T02:34:56","guid":{"rendered":"http:\/\/www.revistazetta.com\/?p=21883"},"modified":"2017-08-17T06:41:11","modified_gmt":"2017-08-17T11:41:11","slug":"cabildo-indigena-zenu-sera-reubicado-apoyo-la-unidad-victimas","status":"publish","type":"post","link":"https:\/\/revistazetta.com\/?p=21883","title":{"rendered":"Cabildo ind\u00edgena Zen\u00fa ser\u00e1 reubicado con el apoyo de la Unidad de V\u00edctimas"},"content":{"rendered":"<p>Con el apoyo de la Unidad de V\u00edctimas se realizar\u00e1 un plan de reubicaci\u00f3n del cabildo ind\u00edgena Zen\u00fa de Membrillal.<\/p>\n<p>El Distrito ser\u00e1 el articulador para que este ente nacional ubique en un inmueble que tenga las condiciones id\u00f3neas para el traslado de esta comunidad hacia un sitio similar al que est\u00e1n ocupando, y el cual por decisi\u00f3n de un juez deben desalojar.<\/p>\n<p>En reuni\u00f3n del Comit\u00e9 de Justicia Transicional extraordinario se aprob\u00f3 que este es un hecho colectivo y que por tanto se har\u00e1 una reubicaci\u00f3n colectiva de las 65 familias, que a la fecha son las que hay que reubicar.<\/p>\n<p>La comunidad ind\u00edgena tambi\u00e9n realizar\u00e1 una caracterizaci\u00f3n y la enviar\u00e1n a la Alcald\u00eda, que a su vez cruzar\u00e1 la informaci\u00f3n para verificar quienes tienen beneficios de programas y ofertas del Distrito en vivienda, superaci\u00f3n de pobreza, Sisb\u00e9n y unidades productivas.<\/p>\n<p>El pr\u00f3ximo jueves se realizar\u00e1 una reuni\u00f3n con la Agencia Nacional de Tierras y miembros del Comit\u00e9 de Justicia Transicional sobre los inmuebles para la reubicaci\u00f3n e iniciar un cronograma con la oficina de Atenci\u00f3n a V\u00edctimas.<\/p>\n<p>De mutuo acuerdo entre las partes se logr\u00f3 que la diligencia de desalojo fuera aplazada dos meses, tiempo en el cual la Unidad de V\u00edctimas reubicar\u00e1 a esta comunidad.<\/p>\n<p>Es de resaltar que la diligencia no obedece a un desalojo por ocupaci\u00f3n de hecho de la comunidad, sino de que emana de una orden de un juez en el marco de un negocio jur\u00eddico entre particulares.<\/p>\n<p>Durante la reuni\u00f3n se hizo una evaluaci\u00f3n de las familias que se encontraban habitando la finca San Isidro. Son 477 personas distribuidas en 104 familias, pero de este total solo al momento de la diligencia se encontraban 71.<\/p>\n<p>Al Comit\u00e9 de Justicia Transicional asistieron entidades de la Personer\u00eda, Defensor\u00eda, Procuradur\u00eda y abogados de las comunidades ind\u00edgenas y el abogado representante de la familia propietaria del predio.<\/p>\n<p>Comunicado 530<\/p>\n","protected":false},"excerpt":{"rendered":"<p>Con el apoyo de la Unidad de V\u00edctimas se realizar\u00e1 un plan de reubicaci\u00f3n del cabildo ind\u00edgena Zen\u00fa de Membrillal. El Distrito ser\u00e1 el articulador para que este ente nacional ubique en un inmueble que tenga las condiciones id\u00f3neas para el traslado de esta comunidad hacia un sitio similar al que est\u00e1n ocupando, y el cual por decisi\u00f3n de un juez deben desalojar. En reuni\u00f3n del Comit\u00e9 de Justicia Transicional extraordinario se aprob\u00f3 que este es un hecho colectivo y que por tanto se har\u00e1 una reubicaci\u00f3n colectiva de las&#8230; <\/p>\n","protected":false},"author":3,"featured_media":21902,"comment_status":"open","ping_status":"closed","sticky":false,"template":"","format":"standard","meta":{"footnotes":"","_links_to":"","_links_to_target":""},"categories":[32,86],"tags":[],"class_list":["post-21883","post","type-post","status-publish","format-standard","has-post-thumbnail","hentry","category-actualidad-distrito","category-comunidad"],"_links":{"self":[{"href":"https:\/\/revistazetta.com\/index.php?rest_route=\/wp\/v2\/posts\/21883","targetHints":{"allow":["GET"]}}],"collection":[{"href":"https:\/\/revistazetta.com\/index.php?rest_route=\/wp\/v2\/posts"}],"about":[{"href":"https:\/\/revistazetta.com\/index.php?rest_route=\/wp\/v2\/types\/post"}],"author":[{"embeddable":true,"href":"https:\/\/revistazetta.com\/index.php?rest_route=\/wp\/v2\/users\/3"}],"replies":[{"embeddable":true,"href":"https:\/\/revistazetta.com\/index.php?rest_route=%2Fwp%2Fv2%2Fcomments&post=21883"}],"version-history":[{"count":0,"href":"https:\/\/revistazetta.com\/index.php?rest_route=\/wp\/v2\/posts\/21883\/revisions"}],"wp:featuredmedia":[{"embeddable":true,"href":"https:\/\/revistazetta.com\/index.php?rest_route=\/wp\/v2\/media\/21902"}],"wp:attachment":[{"href":"https:\/\/revistazetta.com\/index.php?rest_route=%2Fwp%2Fv2%2Fmedia&parent=21883"}],"wp:term":[{"taxonomy":"category","embeddable":true,"href":"https:\/\/revistazetta.com\/index.php?rest_route=%2Fwp%2Fv2%2Fcategories&post=21883"},{"taxonomy":"post_tag","embeddable":true,"href":"https:\/\/revistazetta.com\/index.php?rest_route=%2Fwp%2Fv2%2Ftags&post=21883"}],"curies":[{"name":"wp","href":"https:\/\/api.w.org\/{rel}","templated":true}]}}