{"id":22126,"date":"2017-08-31T22:18:46","date_gmt":"2017-09-01T03:18:46","guid":{"rendered":"http:\/\/www.revistazetta.com\/?p=22126"},"modified":"2017-08-31T22:18:46","modified_gmt":"2017-09-01T03:18:46","slug":"estrenada-plataforma-virtual-cartagena-la-formacion-practica-ciudadana","status":"publish","type":"post","link":"https:\/\/revistazetta.com\/?p=22126","title":{"rendered":"Estrenada plataforma virtual Por Cartagena para la formaci\u00f3n y pr\u00e1ctica ciudadana"},"content":{"rendered":"<p><em>Por Cartagena, <\/em>es la herramienta metodol\u00f3gica para la Formaci\u00f3n en la Pr\u00e1ctica Ciudadana que present\u00f3 el secretario de Planeaci\u00f3n Distrital, Leopoldo Villadiego Coneo, a todos los cartageneros como estrategia tecnolog\u00eda para construir ciudadan\u00eda y fortalecer la institucionalidad contemplado dentro del Plan de Desarrollo \u201cPrimero la Gente\u201d.<\/p>\n<p>\u201cEl objetivo es construir ciudadan\u00eda a trav\u00e9s de la participaci\u00f3n, la colaboraci\u00f3n y la transparencia que brinda esta herramienta metodol\u00f3gica, la invitaci\u00f3n es para que los ciudadanos participen de los procesos que estamos adelantando como el de pol\u00edticas p\u00fablicas, participando a trav\u00e9s de la web en todos los procesos\u201d, dijo el Secretario de Planeaci\u00f3n.<\/p>\n<p>La plataforma trabajar\u00e1 como una red inter-agente que vincula a los diferentes actores y organizaciones de la sociedad civil, ONG y el sector privado, con los procesos de dise\u00f1o, planificaci\u00f3n y ejecuci\u00f3n de las pol\u00edticas, planes, estrategia, programas o proyectos de la Administraci\u00f3n P\u00fablica.<\/p>\n<p>\u201cEs muy importante que la ciudadan\u00eda participe porque todos hacemos parte de la ciudad, y a trav\u00e9s de esta herramienta se pueden enterar de c\u00f3mo van los avances del POT y del PEMP, pero lo m\u00e1s importante es que ser\u00e1n tenidas en cuenta sus propuestas\u201d, asegur\u00f3.<\/p>\n<p>Cualquier cartagenero con acceso a internet, puede ingresar a trav\u00e9s de la p\u00e1gina web <a href=\"https:\/\/por.cartagena.gov.co\/\" target=\"_blank\" rel=\"noopener\">por.cartagena.gov.co\/<\/a> y participar en la formulaci\u00f3n, revisi\u00f3n y actualizaci\u00f3n de los pol\u00edticas p\u00fablicas, los planes de Desarrollo que presentan cada cuatro a\u00f1o los gobernantes o la estrategia anticorrupci\u00f3n que se renueva cada a\u00f1o.<\/p>\n<p>La iniciativa busca democratizar la informaci\u00f3n asociada a los diferentes procesos e instrumentos de construcci\u00f3n y planificaci\u00f3n que tiene el Distrito y construir una ciudad m\u00e1s abierta, pluralista, transparente y participativa.<\/p>\n","protected":false},"excerpt":{"rendered":"<p>Por Cartagena, es la herramienta metodol\u00f3gica para la Formaci\u00f3n en la Pr\u00e1ctica Ciudadana que present\u00f3 el secretario de Planeaci\u00f3n Distrital, Leopoldo Villadiego Coneo, a todos los cartageneros como estrategia tecnolog\u00eda para construir ciudadan\u00eda y fortalecer la institucionalidad contemplado dentro del Plan de Desarrollo \u201cPrimero la Gente\u201d. \u201cEl objetivo es construir ciudadan\u00eda a trav\u00e9s de la participaci\u00f3n, la colaboraci\u00f3n y la transparencia que brinda esta herramienta metodol\u00f3gica, la invitaci\u00f3n es para que los ciudadanos participen de los procesos que estamos adelantando como el de pol\u00edticas p\u00fablicas, participando a trav\u00e9s de la&#8230; <\/p>\n","protected":false},"author":3,"featured_media":22127,"comment_status":"open","ping_status":"closed","sticky":false,"template":"","format":"standard","meta":{"footnotes":"","_links_to":"","_links_to_target":""},"categories":[32],"tags":[],"class_list":["post-22126","post","type-post","status-publish","format-standard","has-post-thumbnail","hentry","category-actualidad-distrito"],"_links":{"self":[{"href":"https:\/\/revistazetta.com\/index.php?rest_route=\/wp\/v2\/posts\/22126","targetHints":{"allow":["GET"]}}],"collection":[{"href":"https:\/\/revistazetta.com\/index.php?rest_route=\/wp\/v2\/posts"}],"about":[{"href":"https:\/\/revistazetta.com\/index.php?rest_route=\/wp\/v2\/types\/post"}],"author":[{"embeddable":true,"href":"https:\/\/revistazetta.com\/index.php?rest_route=\/wp\/v2\/users\/3"}],"replies":[{"embeddable":true,"href":"https:\/\/revistazetta.com\/index.php?rest_route=%2Fwp%2Fv2%2Fcomments&post=22126"}],"version-history":[{"count":0,"href":"https:\/\/revistazetta.com\/index.php?rest_route=\/wp\/v2\/posts\/22126\/revisions"}],"wp:featuredmedia":[{"embeddable":true,"href":"https:\/\/revistazetta.com\/index.php?rest_route=\/wp\/v2\/media\/22127"}],"wp:attachment":[{"href":"https:\/\/revistazetta.com\/index.php?rest_route=%2Fwp%2Fv2%2Fmedia&parent=22126"}],"wp:term":[{"taxonomy":"category","embeddable":true,"href":"https:\/\/revistazetta.com\/index.php?rest_route=%2Fwp%2Fv2%2Fcategories&post=22126"},{"taxonomy":"post_tag","embeddable":true,"href":"https:\/\/revistazetta.com\/index.php?rest_route=%2Fwp%2Fv2%2Ftags&post=22126"}],"curies":[{"name":"wp","href":"https:\/\/api.w.org\/{rel}","templated":true}]}}