{"id":22130,"date":"2017-08-31T22:56:17","date_gmt":"2017-09-01T03:56:17","guid":{"rendered":"http:\/\/www.revistazetta.com\/?p=22130"},"modified":"2017-08-31T22:56:17","modified_gmt":"2017-09-01T03:56:17","slug":"impedir-sobrecupo-balcones-del-centro-cuando-pase-papa-francisco","status":"publish","type":"post","link":"https:\/\/revistazetta.com\/?p=22130","title":{"rendered":"Hay que impedir sobrecupo en balcones del Centro cuando pase el Papa Francisco"},"content":{"rendered":"<p>Con motivo de la visita de Su Santidad Francisco a Cartagena el 10 de septiembre de 2017, hay que prevenir el sobrecupo en los balcones de las casas del Centro Hist\u00f3rico y su \u00e1rea de influencia.<\/p>\n<p>Teniendo en cuenta las caracter\u00edsticas, material y estado de los balcones e inmuebles antiguos en la zona patrimonial del centro hist\u00f3rico y su periferia, el Comit\u00e9 T\u00e9cnico de Patrimonio recomend\u00f3 que los inmuebles y balcones localizados en el Centro Hist\u00f3rico, en estado de deterioro, los cuales se encuentran relacionados en el censo realizado por el Instituto de Patrimonio y Cultura \u2013 IPCC, se abstengan de ser utilizarlos. Adem\u00e1s, se deben retirar elementos como aires, macetas, etc, permiti\u00e9ndose una persona por cada metro lineal de \u00e1rea de los balcones.\u00a0 Esto, en particular para los eventos correspondientes a la visita papal, por el riesgo que ello les representa tanto a su integridad f\u00edsica como a la de los transe\u00fantes que de manera masiva se puedan hacer presentes en dichos actos.<\/p>\n<p>Se recomienda a los propietarios, arrendatarios, inquilinos, de dichos inmuebles, abstenerse de hacer uso de los mismos, durante los actos correspondientes a la visita papal, porque corren el riesgo de acelerar su colapso, con las consecuencias nefastas que ello pueda acarrear.<\/p>\n<p>Tambi\u00e9n se recomienda no arrendar los balcones a particulares por estas mismas razones.<\/p>\n","protected":false},"excerpt":{"rendered":"<p>Con motivo de la visita de Su Santidad Francisco a Cartagena el 10 de septiembre de 2017, hay que prevenir el sobrecupo en los balcones de las casas del Centro Hist\u00f3rico y su \u00e1rea de influencia. Teniendo en cuenta las caracter\u00edsticas, material y estado de los balcones e inmuebles antiguos en la zona patrimonial del centro hist\u00f3rico y su periferia, el Comit\u00e9 T\u00e9cnico de Patrimonio recomend\u00f3 que los inmuebles y balcones localizados en el Centro Hist\u00f3rico, en estado de deterioro, los cuales se encuentran relacionados en el censo realizado por&#8230; <\/p>\n","protected":false},"author":3,"featured_media":22131,"comment_status":"open","ping_status":"closed","sticky":false,"template":"","format":"standard","meta":{"footnotes":"","_links_to":"","_links_to_target":""},"categories":[2],"tags":[],"class_list":["post-22130","post","type-post","status-publish","format-standard","has-post-thumbnail","hentry","category-actualidad"],"_links":{"self":[{"href":"https:\/\/revistazetta.com\/index.php?rest_route=\/wp\/v2\/posts\/22130","targetHints":{"allow":["GET"]}}],"collection":[{"href":"https:\/\/revistazetta.com\/index.php?rest_route=\/wp\/v2\/posts"}],"about":[{"href":"https:\/\/revistazetta.com\/index.php?rest_route=\/wp\/v2\/types\/post"}],"author":[{"embeddable":true,"href":"https:\/\/revistazetta.com\/index.php?rest_route=\/wp\/v2\/users\/3"}],"replies":[{"embeddable":true,"href":"https:\/\/revistazetta.com\/index.php?rest_route=%2Fwp%2Fv2%2Fcomments&post=22130"}],"version-history":[{"count":0,"href":"https:\/\/revistazetta.com\/index.php?rest_route=\/wp\/v2\/posts\/22130\/revisions"}],"wp:featuredmedia":[{"embeddable":true,"href":"https:\/\/revistazetta.com\/index.php?rest_route=\/wp\/v2\/media\/22131"}],"wp:attachment":[{"href":"https:\/\/revistazetta.com\/index.php?rest_route=%2Fwp%2Fv2%2Fmedia&parent=22130"}],"wp:term":[{"taxonomy":"category","embeddable":true,"href":"https:\/\/revistazetta.com\/index.php?rest_route=%2Fwp%2Fv2%2Fcategories&post=22130"},{"taxonomy":"post_tag","embeddable":true,"href":"https:\/\/revistazetta.com\/index.php?rest_route=%2Fwp%2Fv2%2Ftags&post=22130"}],"curies":[{"name":"wp","href":"https:\/\/api.w.org\/{rel}","templated":true}]}}