{"id":22132,"date":"2017-09-01T06:31:05","date_gmt":"2017-09-01T11:31:05","guid":{"rendered":"http:\/\/www.revistazetta.com\/?p=22132"},"modified":"2017-09-01T07:10:18","modified_gmt":"2017-09-01T12:10:18","slug":"debate-la-corrupcion-la-catedral","status":"publish","type":"post","link":"https:\/\/revistazetta.com\/?p=22132","title":{"rendered":"Debate a la corrupci\u00f3n en la Catedral"},"content":{"rendered":"<p>Los protuberantes casos de corrupci\u00f3n en las altas Cortes y los episodios que se registran en diversas regiones del pa\u00eds hacen parte del acervo de discusi\u00f3n previsto para este viernes en la catedral Santa Catalina de Alejandr\u00eda, dentro de la programaci\u00f3n acad\u00e9mica organizada por la Arquidi\u00f3cesis\u00a0con ocasi\u00f3n de la visita del papa Francisco a nuestra ciudad.<\/p>\n<p>El tema es la corrupci\u00f3n y est\u00e1n invitados el se\u00f1or embajador de Colombia ante la Santa Sede, Guillermo Le\u00f3n Escobar, ponente; el periodista y escritor Juan Gossa\u00edn Abdala, moderador; y el se\u00f1or arzobispo de Cartagena, monse\u00f1or Jorge Enrique Jim\u00e9nez Carvajal, invitado especial.<\/p>\n<p>La invitaci\u00f3n es abierta a toda la comunidad cartagenera para que participe y reflexione sobre este tema que incumbe a todos.<\/p>\n<p>El papa Francisco ha dicho de muchas maneras que la corrupci\u00f3n es un estado del alma, es una situaci\u00f3n particular en la que se encuentra la sociedad y de la cual es dif\u00edcil salir, pero hay caminos de esperanza. Por eso la importancia de participar en este foro de la Catedral, porque el prop\u00f3sito es que los asistentes puedan discernir sobre la necesidad de ordenar las esperanzas de Cartagena de Indias.<\/p>\n<p>La C\u00e1tedra sobre corrupci\u00f3n ser\u00e1 a las 4.30 de la tarde. Entrada libre.<\/p>\n<p>La actividad hace parte del ciclo de 14 C\u00e1tedras Francisco, que se iniciaron hace tres meses con la participaci\u00f3n de las universidades, empresarios, entidades, sociedad civil organizada y la Iglesia, y que tuvieron como objetivo abrir\u00a0un espacio de di\u00e1logo desde la cultura del encuentro, para que, conociendo el mensaje\u00a0y el magisterio del papa Francisco todos nos empe\u00f1emos en la construcci\u00f3n de una sociedad m\u00e1s humana y justa.<\/p>\n","protected":false},"excerpt":{"rendered":"<p>Los protuberantes casos de corrupci\u00f3n en las altas Cortes y los episodios que se registran en diversas regiones del pa\u00eds hacen parte del acervo de discusi\u00f3n previsto para este viernes en la catedral Santa Catalina de Alejandr\u00eda, dentro de la programaci\u00f3n acad\u00e9mica organizada por la Arquidi\u00f3cesis\u00a0con ocasi\u00f3n de la visita del papa Francisco a nuestra ciudad. El tema es la corrupci\u00f3n y est\u00e1n invitados el se\u00f1or embajador de Colombia ante la Santa Sede, Guillermo Le\u00f3n Escobar, ponente; el periodista y escritor Juan Gossa\u00edn Abdala, moderador; y el se\u00f1or arzobispo de&#8230; <\/p>\n","protected":false},"author":3,"featured_media":22138,"comment_status":"open","ping_status":"closed","sticky":false,"template":"","format":"standard","meta":{"footnotes":"","_links_to":"","_links_to_target":""},"categories":[2],"tags":[],"class_list":["post-22132","post","type-post","status-publish","format-standard","has-post-thumbnail","hentry","category-actualidad"],"_links":{"self":[{"href":"https:\/\/revistazetta.com\/index.php?rest_route=\/wp\/v2\/posts\/22132","targetHints":{"allow":["GET"]}}],"collection":[{"href":"https:\/\/revistazetta.com\/index.php?rest_route=\/wp\/v2\/posts"}],"about":[{"href":"https:\/\/revistazetta.com\/index.php?rest_route=\/wp\/v2\/types\/post"}],"author":[{"embeddable":true,"href":"https:\/\/revistazetta.com\/index.php?rest_route=\/wp\/v2\/users\/3"}],"replies":[{"embeddable":true,"href":"https:\/\/revistazetta.com\/index.php?rest_route=%2Fwp%2Fv2%2Fcomments&post=22132"}],"version-history":[{"count":0,"href":"https:\/\/revistazetta.com\/index.php?rest_route=\/wp\/v2\/posts\/22132\/revisions"}],"wp:featuredmedia":[{"embeddable":true,"href":"https:\/\/revistazetta.com\/index.php?rest_route=\/wp\/v2\/media\/22138"}],"wp:attachment":[{"href":"https:\/\/revistazetta.com\/index.php?rest_route=%2Fwp%2Fv2%2Fmedia&parent=22132"}],"wp:term":[{"taxonomy":"category","embeddable":true,"href":"https:\/\/revistazetta.com\/index.php?rest_route=%2Fwp%2Fv2%2Fcategories&post=22132"},{"taxonomy":"post_tag","embeddable":true,"href":"https:\/\/revistazetta.com\/index.php?rest_route=%2Fwp%2Fv2%2Ftags&post=22132"}],"curies":[{"name":"wp","href":"https:\/\/api.w.org\/{rel}","templated":true}]}}