{"id":22139,"date":"2017-09-01T08:00:54","date_gmt":"2017-09-01T13:00:54","guid":{"rendered":"http:\/\/www.revistazetta.com\/?p=22139"},"modified":"2017-09-01T08:00:54","modified_gmt":"2017-09-01T13:00:54","slug":"ponernos-la-camiseta-la-infancia-liliana-majana","status":"publish","type":"post","link":"https:\/\/revistazetta.com\/?p=22139","title":{"rendered":"\u201c\u00a1A ponernos la camiseta de la infancia!: Liliana Majana"},"content":{"rendered":"<p>La instituciones que tiene responsabilidades con la poblaci\u00f3n de cero a cinco a\u00f1os encontraron un espacio donde armonizar y optimizar su misi\u00f3n: el Primer Foro por la Primera Infancia de Bol\u00edvar.<\/p>\n<p>El evento acad\u00e9mico pretende socializar planes y programas que desde el nivel nacional se vienen estableciendo en Bol\u00edvar para brindar atenci\u00f3n integral a la infancia, as\u00ed como extender y optimizar esos programas en municipios.<\/p>\n<p>Liliana Majana, primera Dama de Bol\u00edvar y motor de este encuentro, se\u00f1al\u00f3 que la infancia es la poblaci\u00f3n m\u00e1s importante de la sociedad y que por ello es indispensable estar en permanente proceso de coordinaci\u00f3n para que esos planes y programas sean verdaderamente efectivos.<\/p>\n<p>\u201cSi queremos una menor sociedad hay que sembrar desde ellos desde temprano de cero a cinco a\u00f1os, que es la etapa m\u00e1s importante en el ser humano\u201d, dijo en di\u00e1logo con John Zamora, director de Revista Zetta.<\/p>\n<p>La gestora social de Bol\u00edvar dijo que \u201cun abrazo, una sonrisa, un te quiero, un te amo, todo eso es maravilloso en esta etapa donde ellos lo que necesitan es mucho afecto para tambi\u00e9n darlo en un futuro\u201d.<\/p>\n<p>En el primer Foro por la Primera Infancia de Bol\u00edvar, instalado en el CAD de la Gobernaci\u00f3n en Turbaco, participaron entidades como el Instituto de Bienestar Familiar, cajas de compensaci\u00f3n familiar y gestoras sociales de varias alcald\u00edas de Bol\u00edvar.<\/p>\n<p>Majana se\u00f1al\u00f3 que la atenci\u00f3n integral para la infancia significa que las instituciones deben dar resultados en materia de nutrici\u00f3n, salud, educaci\u00f3n, esparcimiento, entre otros aspectos.<\/p>\n<p>Hizo un llamado a las alcald\u00edas para que se pongan la camiseta de la infancia.<\/p>\n<p>Destac\u00f3 el programa \u201cBol\u00edvar una gran ludoteca\u201d, estrategia para crear en cada municipio espacios l\u00fadicos para que el ni\u00f1o interact\u00fae con otros ni\u00f1os, aprenda divirti\u00e9ndose.<\/p>\n<p>Las primera dama de Bol\u00edvar lament\u00f3 que en Bol\u00edvar se registren situaciones similares al resto del pa\u00eds que atentan contra la integridad de la infancia: abuso sexual, maltrato f\u00edsico y sicol\u00f3gico, hambre, desprotecci\u00f3n.<\/p>\n<p>\u201cTenemos un equipo interdisciplinario para que esto no se quede en la denuncia o el registro para las estad\u00edsticas\u201d, indic\u00f3.<\/p>\n","protected":false},"excerpt":{"rendered":"<p>La instituciones que tiene responsabilidades con la poblaci\u00f3n de cero a cinco a\u00f1os encontraron un espacio donde armonizar y optimizar su misi\u00f3n: el Primer Foro por la Primera Infancia de Bol\u00edvar. El evento acad\u00e9mico pretende socializar planes y programas que desde el nivel nacional se vienen estableciendo en Bol\u00edvar para brindar atenci\u00f3n integral a la infancia, as\u00ed como extender y optimizar esos programas en municipios. Liliana Majana, primera Dama de Bol\u00edvar y motor de este encuentro, se\u00f1al\u00f3 que la infancia es la poblaci\u00f3n m\u00e1s importante de la sociedad y que&#8230; <\/p>\n","protected":false},"author":3,"featured_media":22140,"comment_status":"open","ping_status":"closed","sticky":false,"template":"","format":"standard","meta":{"footnotes":"","_links_to":"","_links_to_target":""},"categories":[75,80],"tags":[],"class_list":["post-22139","post","type-post","status-publish","format-standard","has-post-thumbnail","hentry","category-destacada","category-region"],"_links":{"self":[{"href":"https:\/\/revistazetta.com\/index.php?rest_route=\/wp\/v2\/posts\/22139","targetHints":{"allow":["GET"]}}],"collection":[{"href":"https:\/\/revistazetta.com\/index.php?rest_route=\/wp\/v2\/posts"}],"about":[{"href":"https:\/\/revistazetta.com\/index.php?rest_route=\/wp\/v2\/types\/post"}],"author":[{"embeddable":true,"href":"https:\/\/revistazetta.com\/index.php?rest_route=\/wp\/v2\/users\/3"}],"replies":[{"embeddable":true,"href":"https:\/\/revistazetta.com\/index.php?rest_route=%2Fwp%2Fv2%2Fcomments&post=22139"}],"version-history":[{"count":0,"href":"https:\/\/revistazetta.com\/index.php?rest_route=\/wp\/v2\/posts\/22139\/revisions"}],"wp:featuredmedia":[{"embeddable":true,"href":"https:\/\/revistazetta.com\/index.php?rest_route=\/wp\/v2\/media\/22140"}],"wp:attachment":[{"href":"https:\/\/revistazetta.com\/index.php?rest_route=%2Fwp%2Fv2%2Fmedia&parent=22139"}],"wp:term":[{"taxonomy":"category","embeddable":true,"href":"https:\/\/revistazetta.com\/index.php?rest_route=%2Fwp%2Fv2%2Fcategories&post=22139"},{"taxonomy":"post_tag","embeddable":true,"href":"https:\/\/revistazetta.com\/index.php?rest_route=%2Fwp%2Fv2%2Ftags&post=22139"}],"curies":[{"name":"wp","href":"https:\/\/api.w.org\/{rel}","templated":true}]}}