{"id":22144,"date":"2017-09-02T08:41:32","date_gmt":"2017-09-02T13:41:32","guid":{"rendered":"http:\/\/www.revistazetta.com\/?p=22144"},"modified":"2017-09-02T17:10:46","modified_gmt":"2017-09-02T22:10:46","slug":"desde-este-lunes-iv-jornada-internacional-estudios-teatrales-del-caribe","status":"publish","type":"post","link":"https:\/\/revistazetta.com\/?p=22144","title":{"rendered":"Desde este lunes, IV Jornada Internacional de Estudios Teatrales del Caribe"},"content":{"rendered":"<p>Este 4 y 5 de septiembre, se realizar\u00e1 en Cartagena la IV Jornada Internacional de Estudios Teatrales del Caribe, organizada por la Instituci\u00f3n Universitaria Bellas Artes y Ciencias de Bol\u00edvar (Unibac).<\/p>\n<p>La programaci\u00f3n, dirigida a artistas, formadores y estudiantes de artes esc\u00e9nicas del Caribe, contempla conversatorios, muestras y talleres, que girar\u00e1 en torno al teatro musical y a la investigaci\u00f3n art\u00edstica.<\/p>\n<p>\u201cEste es un evento de intercambio del teatro y la danza, que nos permite desarrollar una experiencia en el \u00e1rea de la formaci\u00f3n art\u00edstica, la promoci\u00f3n y la formaci\u00f3n de p\u00fablicos para estas manifestaciones, todo esto articulado con la actividad docente de los diferentes centros culturales y de formaci\u00f3n que existen en el Caribe colombiano y especialmente en Cartagena, como sede principal\u201d, indic\u00f3 Ricardo Mu\u00f1oz, director del Programa de Artes Esc\u00e9nicas de Unibac, organizador del evento.<\/p>\n<p>Como talleristas y ponentes internacionales, estar\u00e1n la argentina, Elizabeth (Lizzie)Waisse, maestra titular de t\u00e9cnicas de actuaci\u00f3n y pr\u00e1ctica esc\u00e9nica en el Instituto Superior de Arte del Teatro Col\u00f3n; y el mexicano Pablo Parga Parga, de la Universidad de Quer\u00e9taro \u2013 M\u00e9xico, Doctor en Humanidades y Artes, Mag\u00edster en Educaci\u00f3n e Investigaci\u00f3n Art\u00edsticas y Licenciado en Actuaci\u00f3n.<\/p>\n<p>La coordinaci\u00f3n del evento est\u00e1 a cargo del grupo de investigaci\u00f3n Cuerpo Arado del programa de Artes Esc\u00e9nicas de Unibac.<\/p>\n<p><strong>Programaci\u00f3n<\/strong><\/p>\n<p><strong><u>IV Jornada Internacional de Estudios Teatrales del Caribe<\/u><\/strong><\/p>\n<p><strong>Lunes 4 de septiembre de 2017<\/strong><\/p>\n<table>\n<tbody>\n<tr>\n<td width=\"149\">8:00am &#8211; 8:30am:<\/td>\n<td width=\"450\">Registro de participantes.<\/p>\n<p>&nbsp;<\/td>\n<\/tr>\n<tr>\n<td width=\"149\">8:30am &#8211; 8:45am:<\/td>\n<td width=\"450\">Apertura y presentaci\u00f3n, Sal\u00f3n Pierre Daguet.<\/p>\n<p>&nbsp;<\/td>\n<\/tr>\n<tr>\n<td width=\"149\">8:45am &#8211; 9:45am:<\/td>\n<td width=\"450\">Conversatorio \u201cLa \u00f3pera y los diferentes estilos actorales\u201d con la maestra Elizabeth (Lizzie) Waisse, Sal\u00f3n Pierre Daguet.<\/p>\n<p>&nbsp;<\/td>\n<\/tr>\n<tr>\n<td width=\"149\">9:45am &#8211; 10:15am:<\/td>\n<td width=\"450\">Receso.<\/p>\n<p>&nbsp;<\/td>\n<\/tr>\n<tr>\n<td width=\"149\">10:15am &#8211; 11:15am:<\/td>\n<td width=\"450\">Conversatorio \u201cInvesticreaci\u00f3n Art\u00edstica\u201d con el maestro Pablo Parga Parga de la Universidad de Quer\u00e9taro &#8211; M\u00e9xico, Sal\u00f3n Pierre Daguet.<\/p>\n<p>&nbsp;<\/td>\n<\/tr>\n<tr>\n<td width=\"149\">11:15am &#8211; 2:30pm:<\/td>\n<td width=\"450\">Almuerzo.<\/p>\n<p>&nbsp;<\/td>\n<\/tr>\n<tr>\n<td rowspan=\"2\" width=\"149\">2:30pm &#8211; 5:00pm:<\/td>\n<td width=\"450\">Taller \u201cEl cuerpo canta\u201d con la maestra Elizabeth Waisse, Sal\u00f3n Pierre Daguet.<\/p>\n<p>&nbsp;<\/td>\n<\/tr>\n<tr>\n<td width=\"450\">Taller \u201cIntroductorio a la investigaci\u00f3n teatral\u201d con el maestro Pablo Parga Parga, Sal\u00f3n 3 Jaime D\u00edaz Quintero.<\/p>\n<p>&nbsp;<\/p>\n<p>&nbsp;<\/td>\n<\/tr>\n<\/tbody>\n<\/table>\n<p><strong>Martes 5 de septiembre de 2017<\/strong><\/p>\n<p>&nbsp;<\/p>\n<table>\n<tbody>\n<tr>\n<td rowspan=\"2\" width=\"158\">8:00am &#8211; 11:30am:<\/td>\n<td width=\"440\">Taller \u201cEl cuerpo canta\u201d con la maestra Elizabeth Waisse, Sal\u00f3n Pierre Daguet<\/td>\n<\/tr>\n<tr>\n<td width=\"440\">Taller \u201cIntroductorio a la investigaci\u00f3n teatral\u201d con el maestro Pablo Parga Parga, Sal\u00f3n 3 Jaime D\u00edaz Quintero.<\/p>\n<p>&nbsp;<\/td>\n<\/tr>\n<tr>\n<td width=\"158\">11:30am &#8211; 4:00pm:<\/td>\n<td width=\"440\">Almuerzo \u2013 Receso<\/p>\n<p>&nbsp;<\/td>\n<\/tr>\n<tr>\n<td width=\"158\">4:00pm &#8211; 5:30pm:<\/td>\n<td width=\"440\">Cierre de la IV Jornada IETC<\/p>\n<p>Demostraci\u00f3n de trabajo \u201cHacia una Dramaturgia el instante\u201d maestro Ricardo Mu\u00f1oz Caravaca director de programa de Artes Esc\u00e9nicas y la compa\u00f1\u00eda Teatro Estudio de Bol\u00edvar, Sal\u00f3n Pierre Daguet.<\/td>\n<\/tr>\n<\/tbody>\n<\/table>\n","protected":false},"excerpt":{"rendered":"<p>Este 4 y 5 de septiembre, se realizar\u00e1 en Cartagena la IV Jornada Internacional de Estudios Teatrales del Caribe, organizada por la Instituci\u00f3n Universitaria Bellas Artes y Ciencias de Bol\u00edvar (Unibac). La programaci\u00f3n, dirigida a artistas, formadores y estudiantes de artes esc\u00e9nicas del Caribe, contempla conversatorios, muestras y talleres, que girar\u00e1 en torno al teatro musical y a la investigaci\u00f3n art\u00edstica. \u201cEste es un evento de intercambio del teatro y la danza, que nos permite desarrollar una experiencia en el \u00e1rea de la formaci\u00f3n art\u00edstica, la promoci\u00f3n y la formaci\u00f3n&#8230; <\/p>\n","protected":false},"author":3,"featured_media":22147,"comment_status":"open","ping_status":"closed","sticky":false,"template":"","format":"standard","meta":{"footnotes":"","_links_to":"","_links_to_target":""},"categories":[41],"tags":[],"class_list":["post-22144","post","type-post","status-publish","format-standard","has-post-thumbnail","hentry","category-cultura"],"_links":{"self":[{"href":"https:\/\/revistazetta.com\/index.php?rest_route=\/wp\/v2\/posts\/22144","targetHints":{"allow":["GET"]}}],"collection":[{"href":"https:\/\/revistazetta.com\/index.php?rest_route=\/wp\/v2\/posts"}],"about":[{"href":"https:\/\/revistazetta.com\/index.php?rest_route=\/wp\/v2\/types\/post"}],"author":[{"embeddable":true,"href":"https:\/\/revistazetta.com\/index.php?rest_route=\/wp\/v2\/users\/3"}],"replies":[{"embeddable":true,"href":"https:\/\/revistazetta.com\/index.php?rest_route=%2Fwp%2Fv2%2Fcomments&post=22144"}],"version-history":[{"count":0,"href":"https:\/\/revistazetta.com\/index.php?rest_route=\/wp\/v2\/posts\/22144\/revisions"}],"wp:featuredmedia":[{"embeddable":true,"href":"https:\/\/revistazetta.com\/index.php?rest_route=\/wp\/v2\/media\/22147"}],"wp:attachment":[{"href":"https:\/\/revistazetta.com\/index.php?rest_route=%2Fwp%2Fv2%2Fmedia&parent=22144"}],"wp:term":[{"taxonomy":"category","embeddable":true,"href":"https:\/\/revistazetta.com\/index.php?rest_route=%2Fwp%2Fv2%2Fcategories&post=22144"},{"taxonomy":"post_tag","embeddable":true,"href":"https:\/\/revistazetta.com\/index.php?rest_route=%2Fwp%2Fv2%2Ftags&post=22144"}],"curies":[{"name":"wp","href":"https:\/\/api.w.org\/{rel}","templated":true}]}}