{"id":22155,"date":"2017-09-02T23:45:16","date_gmt":"2017-09-03T04:45:16","guid":{"rendered":"http:\/\/www.revistazetta.com\/?p=22155"},"modified":"2017-09-02T23:45:16","modified_gmt":"2017-09-03T04:45:16","slug":"anonadados-opinion-alvaro-royo-desde-xiamen-china","status":"publish","type":"post","link":"https:\/\/revistazetta.com\/?p=22155","title":{"rendered":"Anonadados \u2013 Opini\u00f3n de \u00c1lvaro Royo desde Xiamen (China)"},"content":{"rendered":"<p><strong><span style=\"color: #0000ff;\">Opini\u00f3n de \u00c1lvaro Royo (Especial para Revista Zetta).-<\/span> <span style=\"color: #008000;\">(Xiamen &#8211; China).-<\/span><\/strong> Todos los gobernantes, todo el tiempo, han gobernado con amigos, con conocidos, con recomendados, y luego que ninguno de estos re\u00fane las cualidades o el perfil del que se necesita, entonces ah\u00ed s\u00ed miran las hojas de vida del desconocido; siempre ha sido as\u00ed, nadie gobierna con enemigos, aunque con rivales pol\u00edticos si, algunas veces.<\/p>\n<p><strong><img loading=\"lazy\" decoding=\"async\" class=\"alignright size-medium wp-image-22156\" src=\"https:\/\/www.revistazetta.com\/wp-content\/uploads\/2017\/09\/ingratitud-y-deber-2-300x188.jpg\" alt=\"\" width=\"300\" height=\"188\" srcset=\"https:\/\/revistazetta.com\/wp-content\/uploads\/2017\/09\/ingratitud-y-deber-2-300x188.jpg 300w, https:\/\/revistazetta.com\/wp-content\/uploads\/2017\/09\/ingratitud-y-deber-2.jpg 1024w, https:\/\/revistazetta.com\/wp-content\/uploads\/2017\/09\/ingratitud-y-deber-2-234x146.jpg 234w, https:\/\/revistazetta.com\/wp-content\/uploads\/2017\/09\/ingratitud-y-deber-2-50x31.jpg 50w, https:\/\/revistazetta.com\/wp-content\/uploads\/2017\/09\/ingratitud-y-deber-2-120x75.jpg 120w\" sizes=\"auto, (max-width: 300px) 100vw, 300px\" \/>Obvio pero\u2026<\/strong><\/p>\n<p>De seguro tiene que haber una cara de asombro en los dirigentes de Cartagena que est\u00e1n en problemas con la justicia. Seguro deben estarse preguntando \u00bfpero por qu\u00e9? \u00bfCooooomo? \u00bfQue eso no se puede hacer? \u00bfQue es delito? \u00a1Pero si siempre ha sido as\u00ed!<\/p>\n<p>Y es verdad, siempre ha sido as\u00ed, pero que siempre haya sido as\u00ed no quiere decir que estaba bien. Un ejemplo para comparar seria el que siempre ha habido millones de ni\u00f1os en el mundo pidiendo limosnas y eso no quiere decir que est\u00e1 bien porque siempre los haya habido.<\/p>\n<p>Estrellarse con la realidad es bien duro pero los dirigentes nuestros est\u00e1n tan convencidos que es as\u00ed como se hacen las cosas, que deben estarse lamentando es de la pillada que se llevaron y no porque tengan un m\u00ednimo de arrepentimiento que les haya hecho caer en cuenta que estaban actuando mal; en su estrategia de defensa se pueden ver claras luces que muy dentro de ellos no existe ni existi\u00f3 delito alguno. Qu\u00e9 tremendo\u2026<\/p>\n<p>Y s\u00ed que va a tomar mucho tiempo para que esta cultura de administrar los recursos p\u00fablicos de esta manera cambie, y se puede adivinar tambi\u00e9n que tendr\u00e1n que pasar un par de generaciones para que se tomen estos cargos con pulcritud y decencia.<\/p>\n<p>Habr\u00eda que empezar desde ahora con los ni\u00f1os de primaria a inculcarles diariamente de que se trata la labor altruista, la del servidor p\u00fablico, y de la condena moral que deber\u00eda existir como se vea que un empleado del Distrito pase de una clase media, a una vida de carros lujosos, mansiones y ostentaciones. Debe existir una condena moral y penal porque nadie con el sueldo de los entes del Distrito se hace millonario. \u00a1Nadie!<\/p>\n<p><strong>El partido \u00fanico de Gobierno en China<\/strong><\/p>\n<p><img loading=\"lazy\" decoding=\"async\" class=\"alignright size-medium wp-image-22163\" src=\"https:\/\/www.revistazetta.com\/wp-content\/uploads\/2017\/09\/traicion-300x234.jpg\" alt=\"\" width=\"300\" height=\"234\" srcset=\"https:\/\/revistazetta.com\/wp-content\/uploads\/2017\/09\/traicion-300x234.jpg 300w, https:\/\/revistazetta.com\/wp-content\/uploads\/2017\/09\/traicion.jpg 1024w, https:\/\/revistazetta.com\/wp-content\/uploads\/2017\/09\/traicion-187x146.jpg 187w, https:\/\/revistazetta.com\/wp-content\/uploads\/2017\/09\/traicion-50x39.jpg 50w, https:\/\/revistazetta.com\/wp-content\/uploads\/2017\/09\/traicion-96x75.jpg 96w, https:\/\/revistazetta.com\/wp-content\/uploads\/2017\/09\/traicion-960x750.jpg 960w\" sizes=\"auto, (max-width: 300px) 100vw, 300px\" \/>Y no es un problema de partidos ni de corrientes pol\u00edticas ni de ideolog\u00edas, el problema est\u00e1 en el individuo, en su formaci\u00f3n personal, en su educaci\u00f3n. En Colombia nos seguimos escandalizando de la componenda del Frente Nacional, un arreglo para no seguirnos matando liberales y conservadores y alternarnos para administrar (\u201crobar\u201d) cada uno de nosotros cada cuatro a\u00f1os. Pues si eso nos escandaliza, c\u00f3mo nos quedar\u00eda sonando que ac\u00e1 en China hace m\u00e1s de 60 a\u00f1os no se celebran elecciones, y se gobierna con el mismo partido en el poder, no hay candidatos a nada y hay un solo grupo mandando, gobernando Yo con Yo, nunca le preguntan al ciudadano qu\u00e9 tienen que hacer ni c\u00f3mo lo van a hacer, eso s\u00ed, hay una hoja de ruta y unos objetivos claros, y el que se salga de ah\u00ed lo castigan severamente, y uno de los medios de sanci\u00f3n m\u00e1s comunes es pagarlo con la vida, o cadena perpetua por ejemplo.<\/p>\n<p>La estructura del Estado si funciona y el individuo tiene clara sus funciones, da igual si son amigos o no, cuando el servidor p\u00fablico tiene claro eso, y adem\u00e1s tiene clara sus sanciones si no las cumple, todo tiende a funcionar de maravillas, y nadie se va a salir del libreto porque sabe lo que le espera.<\/p>\n<p>En el cumplimiento del deber para un funcionario p\u00fablico no existe ni la traici\u00f3n, ni la ingratitud, el deber es lo \u00fanico que cuenta. Lo \u00fanico.<\/p>\n<p><strong>Gobernar para las pr\u00f3ximas elecciones o para las pr\u00f3ximas generaciones<\/strong><\/p>\n<div id=\"attachment_22159\" style=\"width: 310px\" class=\"wp-caption alignright\"><img loading=\"lazy\" decoding=\"async\" aria-describedby=\"caption-attachment-22159\" class=\"wp-image-22159 size-medium\" src=\"https:\/\/www.revistazetta.com\/wp-content\/uploads\/2017\/09\/Justicia-300x238.jpg\" alt=\"\" width=\"300\" height=\"238\" srcset=\"https:\/\/revistazetta.com\/wp-content\/uploads\/2017\/09\/Justicia-300x238.jpg 300w, https:\/\/revistazetta.com\/wp-content\/uploads\/2017\/09\/Justicia-184x146.jpg 184w, https:\/\/revistazetta.com\/wp-content\/uploads\/2017\/09\/Justicia-50x40.jpg 50w, https:\/\/revistazetta.com\/wp-content\/uploads\/2017\/09\/Justicia-95x75.jpg 95w, https:\/\/revistazetta.com\/wp-content\/uploads\/2017\/09\/Justicia.jpg 1008w\" sizes=\"auto, (max-width: 300px) 100vw, 300px\" \/><p id=\"caption-attachment-22159\" class=\"wp-caption-text\">Caricatura de Matador, tomada de El Tiempo.<\/p><\/div>\n<p>El dejar las cosas como estaban, dejarlas estructuralmente quietas para no alterar el e statu quo que era lo que permit\u00eda mantener o alternarse el poder, era lo normal, dejar a los caciques y a los capos de la pol\u00edtica quietos para asegurar su caudal electoral para las pr\u00f3ximas elecciones era cosa de siempre, y esa norma parece que se est\u00e1 rompiendo, lo que est\u00e1 pasando en Colombia en los \u00faltimos meses es in\u00e9dito, no tiene antecedentes, esta vez da igual quien caiga y nadie se siente seguro, da igual cuantos votos pusiste o cuantos tienes, venga para que responda penalmente.<\/p>\n<p>Hay una sensaci\u00f3n de que se quiere cambiar, que se quiere organizar la estructura del Estado para que todo no siga como antes, para que no se siga pensando que as\u00ed es y as\u00ed estaba bien.<\/p>\n<p>No tocar los votos porque si no c\u00f3mo hacemos en las pr\u00f3ximas elecciones parece que le importa un carajo al actual Presidente, el partido de la U se est\u00e1 cayendo a pedazos y parece que vendr\u00e1n cosas peores, sus grandes apoyos electorales como Musa Besaile, Bernardo El\u00edas y los que vienen parece que van a salir del juego pol\u00edtico, las investigaciones y el remez\u00f3n son de un impacto que es dif\u00edcil imaginar quien es el pr\u00f3ximo o quienes van a caer, pero parece que la lista va a ser largu\u00edsima.<\/p>\n<p><strong>Thinking<\/strong><\/p>\n<p><img loading=\"lazy\" decoding=\"async\" class=\"alignright size-medium wp-image-22161\" src=\"https:\/\/www.revistazetta.com\/wp-content\/uploads\/2017\/09\/Ruta-del-Sol-2-300x188.jpg\" alt=\"\" width=\"300\" height=\"188\" srcset=\"https:\/\/revistazetta.com\/wp-content\/uploads\/2017\/09\/Ruta-del-Sol-2-300x188.jpg 300w, https:\/\/revistazetta.com\/wp-content\/uploads\/2017\/09\/Ruta-del-Sol-2.jpg 1024w, https:\/\/revistazetta.com\/wp-content\/uploads\/2017\/09\/Ruta-del-Sol-2-234x146.jpg 234w, https:\/\/revistazetta.com\/wp-content\/uploads\/2017\/09\/Ruta-del-Sol-2-50x31.jpg 50w, https:\/\/revistazetta.com\/wp-content\/uploads\/2017\/09\/Ruta-del-Sol-2-120x75.jpg 120w\" sizes=\"auto, (max-width: 300px) 100vw, 300px\" \/>Entre Odebrech, la ruta del Sol, los l\u00edos de la Corte Suprema y exmagistrados, los problemas con las alcald\u00edas y gobernaciones locales intervenidas por el gobierno nacional, mas los cientos de casos de corrupci\u00f3n detectados en la Fiscal\u00eda, todos estos hablan de una mala interpretaci\u00f3n de la labor de la funci\u00f3n p\u00fablica, todos los involucrados tienen cara de anonadados porque no era que no supieran, era que como siempre fue as\u00ed entonces seguro no pasar\u00e1 nada, algunos hablan de ingratitud y es precisamente cuando aflora esta en el comportamiento de los individuos que est\u00e1n en las entidades del Gobierno es cuando uno puede decir que comenzaron a hacerse las cosas bien.<\/p>\n<p>Sin el \u201cdeber de la ingratitud\u201d lo que hay es complicidad para robarse los recursos p\u00fablicos<\/p>\n<p>\u00a1Un abrazo!<\/p>\n<p><span style=\"color: #000080;\">Alvaro Royo<\/span><\/p>\n<p><span style=\"color: #000080;\">Xiamen-China<\/span><\/p>\n<p><a href=\"https:\/\/www.alvaroroyo.com\" target=\"_blank\" rel=\"noopener\">www.alvaroroyo.com<\/a><\/p>\n<p><span style=\"color: #000080;\">enchina@gmail.com<\/span><\/p>\n<p>&nbsp;<\/p>\n","protected":false},"excerpt":{"rendered":"<p>Opini\u00f3n de \u00c1lvaro Royo (Especial para Revista Zetta).- (Xiamen &#8211; China).- Todos los gobernantes, todo el tiempo, han gobernado con amigos, con conocidos, con recomendados, y luego que ninguno de estos re\u00fane las cualidades o el perfil del que se necesita, entonces ah\u00ed s\u00ed miran las hojas de vida del desconocido; siempre ha sido as\u00ed, nadie gobierna con enemigos, aunque con rivales pol\u00edticos si, algunas veces. Obvio pero\u2026 De seguro tiene que haber una cara de asombro en los dirigentes de Cartagena que est\u00e1n en problemas con la justicia. Seguro&#8230; <\/p>\n","protected":false},"author":3,"featured_media":22160,"comment_status":"open","ping_status":"closed","sticky":false,"template":"","format":"standard","meta":{"footnotes":"","_links_to":"","_links_to_target":""},"categories":[44,75,65],"tags":[],"class_list":["post-22155","post","type-post","status-publish","format-standard","has-post-thumbnail","hentry","category-materiagris","category-destacada","category-opinion"],"_links":{"self":[{"href":"https:\/\/revistazetta.com\/index.php?rest_route=\/wp\/v2\/posts\/22155","targetHints":{"allow":["GET"]}}],"collection":[{"href":"https:\/\/revistazetta.com\/index.php?rest_route=\/wp\/v2\/posts"}],"about":[{"href":"https:\/\/revistazetta.com\/index.php?rest_route=\/wp\/v2\/types\/post"}],"author":[{"embeddable":true,"href":"https:\/\/revistazetta.com\/index.php?rest_route=\/wp\/v2\/users\/3"}],"replies":[{"embeddable":true,"href":"https:\/\/revistazetta.com\/index.php?rest_route=%2Fwp%2Fv2%2Fcomments&post=22155"}],"version-history":[{"count":0,"href":"https:\/\/revistazetta.com\/index.php?rest_route=\/wp\/v2\/posts\/22155\/revisions"}],"wp:featuredmedia":[{"embeddable":true,"href":"https:\/\/revistazetta.com\/index.php?rest_route=\/wp\/v2\/media\/22160"}],"wp:attachment":[{"href":"https:\/\/revistazetta.com\/index.php?rest_route=%2Fwp%2Fv2%2Fmedia&parent=22155"}],"wp:term":[{"taxonomy":"category","embeddable":true,"href":"https:\/\/revistazetta.com\/index.php?rest_route=%2Fwp%2Fv2%2Fcategories&post=22155"},{"taxonomy":"post_tag","embeddable":true,"href":"https:\/\/revistazetta.com\/index.php?rest_route=%2Fwp%2Fv2%2Ftags&post=22155"}],"curies":[{"name":"wp","href":"https:\/\/api.w.org\/{rel}","templated":true}]}}