{"id":22176,"date":"2017-09-03T22:10:38","date_gmt":"2017-09-04T03:10:38","guid":{"rendered":"http:\/\/www.revistazetta.com\/?p=22176"},"modified":"2017-09-03T22:10:38","modified_gmt":"2017-09-04T03:10:38","slug":"queremos-los-territorios-funcionen-haber-trabajo-conjunto-maria-claudia-paez","status":"publish","type":"post","link":"https:\/\/revistazetta.com\/?p=22176","title":{"rendered":"\u00abSi queremos que los territorios funcionen debe haber un trabajo conjunto\u00bb: Mar\u00eda Claudia P\u00e1ez"},"content":{"rendered":"<blockquote><p><strong><em>Desde el 2012, el Ministerio de Comercio ha aportado m\u00e1s de $17.000 millones para el fortalecimiento de las Comisiones Regionales de Competitividad, con el fin de estructurar los planes de sostenibilidad, la actualizaci\u00f3n de planes regionales y la puesta en marcha de iniciativas cl\u00faster, como mecanismo para fortalecer la innovaci\u00f3n y diversificaci\u00f3n de sectores productivos\u201d, asegur\u00f3, la ministra de Comercio, Industria y Turismo, Mar\u00eda Lorena Guti\u00e9rrez.<\/em><\/strong><\/p><\/blockquote>\n<p>En el marco del \u00abCongreso\u00a0 Desaf\u00edos para impulsar el crecimiento\u00bb de Confec\u00e1maras, que se desarroll\u00f3 durante dos d\u00edas en el Hotel Hilton Cartagena, se realiz\u00f3 el Comit\u00e9 Regional de Competitividad, donde se analizaron las diferentes estrategias y caracter\u00edsticas de las regiones del pa\u00eds para que logren ser m\u00e1s competitivas.<\/p>\n<p>La presidenta Ejecutiva de la C\u00e1mara de Comercio de Cartagena, Mar\u00eda Claudia P\u00e1ez Mallarino, particip\u00f3 en el panel \u201cEl papel de las Comisiones regionales de competitividad en la pol\u00edtica de desarrollo productivo\u201d en donde dej\u00f3 claro su postura con respecto a la articulaci\u00f3n entre los actores de la misma para lograr un di\u00e1logo m\u00e1s fuerte dentro de la Comisi\u00f3n Regional de Competitividad (CRC). As\u00ed mismo enfatiz\u00f3 en que la pol\u00edtica de desarrollo productivo en Colombia deber\u00eda estar sustentada en promover una mayor autonom\u00eda de las entidades territoriales y de las comunidades empresariales a nivel regional, para impulsar conjuntamente el dise\u00f1o y la implementaci\u00f3n de estas pol\u00edticas con un proceso metodol\u00f3gico que sea claro y transparente para los actores locales y que se realice manejando tiempos prudenciales y no contra reloj.<\/p>\n<p>As\u00ed mismo, comparti\u00f3 panel con presidentes de las C\u00e1maras de Comercio de otras ciudades del pa\u00eds, entre ellos Ariel Rinc\u00f3n Machado, de la C\u00e1mara de Comercio de Neiva, y Juan Hern\u00e1ndez Puyana, director de la Comisi\u00f3n Regional de Competitividad de Santander. El evento cont\u00f3 con la presencia de la ministra de Comercio Industria y Turismo, Mar\u00eda Lorena Guti\u00e9rrez, quien resalt\u00f3 que la paz ofrece un escenario propicio para desarrollar emprendimientos innovadores, impulsar sectores productivos estrat\u00e9gicos para las regiones, atraer inversi\u00f3n internacional, impulsar el crecimiento de las empresas y desarrollar instrumentos para alcanzar el desarrollo productivo propuesto desde el Gobierno Nacional.<\/p>\n","protected":false},"excerpt":{"rendered":"<p>Desde el 2012, el Ministerio de Comercio ha aportado m\u00e1s de $17.000 millones para el fortalecimiento de las Comisiones Regionales de Competitividad, con el fin de estructurar los planes de sostenibilidad, la actualizaci\u00f3n de planes regionales y la puesta en marcha de iniciativas cl\u00faster, como mecanismo para fortalecer la innovaci\u00f3n y diversificaci\u00f3n de sectores productivos\u201d, asegur\u00f3, la ministra de Comercio, Industria y Turismo, Mar\u00eda Lorena Guti\u00e9rrez. En el marco del \u00abCongreso\u00a0 Desaf\u00edos para impulsar el crecimiento\u00bb de Confec\u00e1maras, que se desarroll\u00f3 durante dos d\u00edas en el Hotel Hilton Cartagena, se&#8230; <\/p>\n","protected":false},"author":3,"featured_media":22177,"comment_status":"open","ping_status":"closed","sticky":false,"template":"","format":"standard","meta":{"footnotes":"","_links_to":"","_links_to_target":""},"categories":[3,50],"tags":[],"class_list":["post-22176","post","type-post","status-publish","format-standard","has-post-thumbnail","hentry","category-ciudad","category-empresa"],"_links":{"self":[{"href":"https:\/\/revistazetta.com\/index.php?rest_route=\/wp\/v2\/posts\/22176","targetHints":{"allow":["GET"]}}],"collection":[{"href":"https:\/\/revistazetta.com\/index.php?rest_route=\/wp\/v2\/posts"}],"about":[{"href":"https:\/\/revistazetta.com\/index.php?rest_route=\/wp\/v2\/types\/post"}],"author":[{"embeddable":true,"href":"https:\/\/revistazetta.com\/index.php?rest_route=\/wp\/v2\/users\/3"}],"replies":[{"embeddable":true,"href":"https:\/\/revistazetta.com\/index.php?rest_route=%2Fwp%2Fv2%2Fcomments&post=22176"}],"version-history":[{"count":0,"href":"https:\/\/revistazetta.com\/index.php?rest_route=\/wp\/v2\/posts\/22176\/revisions"}],"wp:featuredmedia":[{"embeddable":true,"href":"https:\/\/revistazetta.com\/index.php?rest_route=\/wp\/v2\/media\/22177"}],"wp:attachment":[{"href":"https:\/\/revistazetta.com\/index.php?rest_route=%2Fwp%2Fv2%2Fmedia&parent=22176"}],"wp:term":[{"taxonomy":"category","embeddable":true,"href":"https:\/\/revistazetta.com\/index.php?rest_route=%2Fwp%2Fv2%2Fcategories&post=22176"},{"taxonomy":"post_tag","embeddable":true,"href":"https:\/\/revistazetta.com\/index.php?rest_route=%2Fwp%2Fv2%2Ftags&post=22176"}],"curies":[{"name":"wp","href":"https:\/\/api.w.org\/{rel}","templated":true}]}}